{"id":18524,"date":"2026-04-28T18:52:09","date_gmt":"2026-04-28T10:52:09","guid":{"rendered":"https:\/\/collagensei.com\/?p=18524"},"modified":"2026-04-27T11:09:02","modified_gmt":"2026-04-27T03:09:02","slug":"la-poudre-de-collagene-est-elle-perimee","status":"publish","type":"post","link":"https:\/\/collagensei.com\/fr\/does-collagen-powder-expire\/","title":{"rendered":"La poudre de collag\u00e8ne est-elle p\u00e9rim\u00e9e ? Dur\u00e9e de conservation et guide de stockage"},"content":{"rendered":"<p>Cela arrive aux meilleurs d'entre nous : en rangeant votre garde-manger, vous red\u00e9couvrez une bo\u00eete de peptides de collag\u00e8ne oubli\u00e9e, cach\u00e9e derri\u00e8re les prot\u00e9ines en poudre. Vous voulez profiter des bienfaits pour la peau et les articulations, mais vous remarquez ensuite la date sur le fond. La poudre de collag\u00e8ne est-elle p\u00e9rim\u00e9e ?<\/p><div id=\"ez-toc-container\" class=\"ez-toc-v2_0_82_1 ez-toc-wrap-left counter-hierarchy ez-toc-counter ez-toc-grey ez-toc-container-direction\">\n<div class=\"ez-toc-title-container\">\n<p class=\"ez-toc-title ez-toc-toggle\" style=\"cursor:pointer\">Table des mati\u00e8res<\/p>\n<span class=\"ez-toc-title-toggle\"><a href=\"#\" class=\"ez-toc-pull-right ez-toc-btn ez-toc-btn-xs ez-toc-btn-default ez-toc-toggle\" aria-label=\"Toggle Table des mati\u00e8res\"><span class=\"ez-toc-js-icon-con\"><span class=\"\"><span class=\"eztoc-hide\" style=\"display:none;\">Toggle<\/span><span class=\"ez-toc-icon-toggle-span\"><svg style=\"fill: #999;color:#999\" xmlns=\"http:\/\/www.w3.org\/2000\/svg\" class=\"list-377408\" width=\"20px\" height=\"20px\" viewbox=\"0 0 24 24\" fill=\"none\"><path d=\"M6 6H4v2h2V6zm14 0H8v2h12V6zM4 11h2v2H4v-2zm16 0H8v2h12v-2zM4 16h2v2H4v-2zm16 0H8v2h12v-2z\" fill=\"currentColor\"><\/path><\/svg><svg style=\"fill: #999;color:#999\" class=\"arrow-unsorted-368013\" xmlns=\"http:\/\/www.w3.org\/2000\/svg\" width=\"10px\" height=\"10px\" viewbox=\"0 0 24 24\" version=\"1.2\" baseprofile=\"tiny\"><path d=\"M18.2 9.3l-6.2-6.3-6.2 6.3c-.2.2-.3.4-.3.7s.1.5.3.7c.2.2.4.3.7.3h11c.3 0 .5-.1.7-.3.2-.2.3-.5.3-.7s-.1-.5-.3-.7zM5.8 14.7l6.2 6.3 6.2-6.3c.2-.2.3-.5.3-.7s-.1-.5-.3-.7c-.2-.2-.4-.3-.7-.3h-11c-.3 0-.5.1-.7.3-.2.2-.3.5-.3.7s.1.5.3.7z\"\/><\/svg><\/span><\/span><\/span><\/a><\/span><\/div>\n<nav><ul class='ez-toc-list ez-toc-list-level-1' ><li class='ez-toc-page-1 ez-toc-heading-level-2'><a class=\"ez-toc-link ez-toc-heading-1\" href=\"https:\/\/collagensei.com\/fr\/does-collagen-powder-expire\/#Does_Collagen_Powder_Expire_The_Direct_Answer\" >La poudre de collag\u00e8ne est-elle p\u00e9rim\u00e9e ? (La r\u00e9ponse directe)<\/a><ul class='ez-toc-list-level-3' ><li class='ez-toc-heading-level-3'><a class=\"ez-toc-link ez-toc-heading-2\" href=\"https:\/\/collagensei.com\/fr\/does-collagen-powder-expire\/#Expiration_Date_vs_%E2%80%9CBest-By%E2%80%9D_Date\" >Date d'expiration ou date de p\u00e9remption<\/a><\/li><li class='ez-toc-page-1 ez-toc-heading-level-3'><a class=\"ez-toc-link ez-toc-heading-3\" href=\"https:\/\/collagensei.com\/fr\/does-collagen-powder-expire\/#Why_Is_Collagen_So_Stable\" >Pourquoi le collag\u00e8ne est-il si stable ?<\/a><\/li><\/ul><\/li><li class='ez-toc-page-1 ez-toc-heading-level-2'><a class=\"ez-toc-link ez-toc-heading-4\" href=\"https:\/\/collagensei.com\/fr\/does-collagen-powder-expire\/#How_to_Tell_if_Your_Collagen_Has_Gone_Bad\" >Comment savoir si votre collag\u00e8ne s'est d\u00e9grad\u00e9 ?<\/a><ul class='ez-toc-list-level-3' ><li class='ez-toc-heading-level-3'><a class=\"ez-toc-link ez-toc-heading-5\" href=\"https:\/\/collagensei.com\/fr\/does-collagen-powder-expire\/#Sensory_Indicators_The_%E2%80%9CLook_Smell_and_Touch%E2%80%9D_Test\" >Indicateurs sensoriels : Le test \u201cRegarder, sentir et toucher<\/a><\/li><li class='ez-toc-page-1 ez-toc-heading-level-3'><a class=\"ez-toc-link ez-toc-heading-6\" href=\"https:\/\/collagensei.com\/fr\/does-collagen-powder-expire\/#The_Efficacy_Factor_When_%E2%80%9CSafe%E2%80%9D_Isnt_Enough\" >Le facteur d'efficacit\u00e9 : Quand la s\u00e9curit\u00e9 ne suffit pas<\/a><\/li><\/ul><\/li><li class='ez-toc-page-1 ez-toc-heading-level-2'><a class=\"ez-toc-link ez-toc-heading-7\" href=\"https:\/\/collagensei.com\/fr\/does-collagen-powder-expire\/#Factors_That_Accelerate_Collagen_Degradation\" >Facteurs qui acc\u00e9l\u00e8rent la d\u00e9gradation du collag\u00e8ne<\/a><ul class='ez-toc-list-level-3' ><li class='ez-toc-heading-level-3'><a class=\"ez-toc-link ez-toc-heading-8\" href=\"https:\/\/collagensei.com\/fr\/does-collagen-powder-expire\/#The_Humidity_Trap_Moisture_as_the_Primary_Enemy\" >Le pi\u00e8ge de l'humidit\u00e9 : l'humidit\u00e9 comme premier ennemi<\/a><\/li><li class='ez-toc-page-1 ez-toc-heading-level-3'><a class=\"ez-toc-link ez-toc-heading-9\" href=\"https:\/\/collagensei.com\/fr\/does-collagen-powder-expire\/#Heat_Sensitivity_Breaking_the_Peptide_Bonds\" >Sensibilit\u00e9 \u00e0 la chaleur : Rupture des liaisons peptidiques<\/a><\/li><li class='ez-toc-page-1 ez-toc-heading-level-3'><a class=\"ez-toc-link ez-toc-heading-10\" href=\"https:\/\/collagensei.com\/fr\/does-collagen-powder-expire\/#Light_Exposure_and_Oxidation\" >Exposition \u00e0 la lumi\u00e8re et oxydation<\/a><\/li><li class='ez-toc-page-1 ez-toc-heading-level-3'><a class=\"ez-toc-link ez-toc-heading-11\" href=\"https:\/\/collagensei.com\/fr\/does-collagen-powder-expire\/#Source_Material_and_Processing_Quality\" >Mati\u00e8res premi\u00e8res et qualit\u00e9 de la transformation<\/a><\/li><\/ul><\/li><li class='ez-toc-page-1 ez-toc-heading-level-2'><a class=\"ez-toc-link ez-toc-heading-12\" href=\"https:\/\/collagensei.com\/fr\/does-collagen-powder-expire\/#How_to_Maximize_Collagen_Longevity\" >Comment maximiser la long\u00e9vit\u00e9 du collag\u00e8ne<\/a><ul class='ez-toc-list-level-3' ><li class='ez-toc-heading-level-3'><a class=\"ez-toc-link ez-toc-heading-13\" href=\"https:\/\/collagensei.com\/fr\/does-collagen-powder-expire\/#The_%E2%80%9CCool_Dry_Dark%E2%80%9D_Golden_Rule\" >La r\u00e8gle d'or \u201cfrais, sec, sombre\u201d.<\/a><\/li><li class='ez-toc-page-1 ez-toc-heading-level-3'><a class=\"ez-toc-link ez-toc-heading-14\" href=\"https:\/\/collagensei.com\/fr\/does-collagen-powder-expire\/#Master_the_Seal\" >Ma\u00eetriser le sceau<\/a><\/li><li class='ez-toc-page-1 ez-toc-heading-level-3'><a class=\"ez-toc-link ez-toc-heading-15\" href=\"https:\/\/collagensei.com\/fr\/does-collagen-powder-expire\/#The_%E2%80%9CDry_Scoop%E2%80%9D_Protocol\" >Le protocole \u201cDry Scoop<\/a><\/li><\/ul><\/li><li class='ez-toc-page-1 ez-toc-heading-level-2'><a class=\"ez-toc-link ez-toc-heading-16\" href=\"https:\/\/collagensei.com\/fr\/does-collagen-powder-expire\/#Choosing_the_Right_Collagen_A_Brand_Selection_Guide\" >Choisir le bon collag\u00e8ne : Guide de s\u00e9lection des marques<\/a><\/li><li class='ez-toc-page-1 ez-toc-heading-level-2'><a class=\"ez-toc-link ez-toc-heading-17\" href=\"https:\/\/collagensei.com\/fr\/does-collagen-powder-expire\/#FAQs\" >FAQ<\/a><\/li><li class='ez-toc-page-1 ez-toc-heading-level-2'><a class=\"ez-toc-link ez-toc-heading-18\" href=\"https:\/\/collagensei.com\/fr\/does-collagen-powder-expire\/#Conclusion\" >Conclusion<\/a><\/li><li class='ez-toc-page-1 ez-toc-heading-level-2'><a class=\"ez-toc-link ez-toc-heading-19\" href=\"https:\/\/collagensei.com\/fr\/does-collagen-powder-expire\/#references\" >les r\u00e9f\u00e9rences<\/a><\/li><\/ul><\/nav><\/div>\n\n\n\n\n<div class=\"wp-block-uagb-image uagb-block-275d4320 wp-block-uagb-image--layout-default wp-block-uagb-image--effect-static wp-block-uagb-image--align-none\"><figure class=\"wp-block-uagb-image__figure\"><img loading=\"lazy\" decoding=\"async\" srcset=\"https:\/\/collagensei.com\/wp-content\/uploads\/2026\/04\/does-collagen-powder-expire_.webp ,https:\/\/collagensei.com\/wp-content\/uploads\/2026\/04\/does-collagen-powder-expire_.webp 780w, https:\/\/collagensei.com\/wp-content\/uploads\/2026\/04\/does-collagen-powder-expire_.webp 360w\" sizes=\"auto, (max-width: 480px) 150px\" src=\"https:\/\/collagensei.com\/wp-content\/uploads\/2026\/04\/does-collagen-powder-expire_.webp\" alt=\"La poudre de collag\u00e8ne est-elle p\u00e9rim\u00e9e ?\" class=\"uag-image-18525\" width=\"1000\" height=\"562\" title=\"La poudre de collag\u00e8ne est-elle p\u00e9rim\u00e9e ?\" role=\"img\"\/><\/figure><\/div>\n\n\n\n<p>Si le collag\u00e8ne est une prot\u00e9ine remarquablement stable, il n'est pas immortel. Que vous soyez un utilisateur quotidien ou occasionnel, il est essentiel pour votre s\u00e9curit\u00e9 et vos r\u00e9sultats de comprendre la diff\u00e9rence entre une date de p\u00e9remption et une v\u00e9ritable d\u00e9t\u00e9rioration. Dans ce guide complet, nous allons nous plonger dans la science de la dur\u00e9e de conservation du collag\u00e8ne, comment rep\u00e9rer les signes r\u00e9v\u00e9lateurs de la d\u00e9gradation et les secrets de stockage professionnel qui pr\u00e9servent l'efficacit\u00e9 de vos peptides bioactifs. Si vous vous \u00eates d\u00e9j\u00e0 demand\u00e9 si ce vieux contenant valait encore la peine d'\u00eatre utilis\u00e9, vous \u00eates au bon endroit pour le d\u00e9couvrir.<\/p>\n\n\n\n<h2 class=\"wp-block-heading\"><span class=\"ez-toc-section\" id=\"Does_Collagen_Powder_Expire_The_Direct_Answer\"><\/span>La poudre de collag\u00e8ne est-elle p\u00e9rim\u00e9e ? (La r\u00e9ponse directe)<span class=\"ez-toc-section-end\"><\/span><\/h2>\n\n\n\n<p id=\"p-rc_68ddee1dc4141c14-19\">La r\u00e9ponse courte est oui, la poudre de collag\u00e8ne se p\u00e9rime, mais il s'agit g\u00e9n\u00e9ralement d'un suppl\u00e9ment qui se conserve tr\u00e8s bien. Contrairement aux produits frais ou aux produits laitiers, le collag\u00e8ne ne devient g\u00e9n\u00e9ralement pas \u201ctoxique\u201d le lendemain de sa date de p\u00e9remption. Au contraire, il subit une lente d\u00e9gradation de sa qualit\u00e9 et de son pouvoir nutritionnel.<\/p>\n\n\n\n<div id=\"gensei-table-container\">\n    <style>\n        #gensei-table-container {\n            padding: 40px;\n            font-family: 'Segoe UI', Roboto, Helvetica, Arial, sans-serif;\n            color: #2d3436;\n            line-height: 1.6;\n            background-color: #ffffff;\n            border: 1px solid #f1f3f5;\n            margin: 20px 0;\n        }\n        #gensei-table-container .accent-bar {\n            width: 60px;\n            height: 4px;\n            background-color: #1a1a1a;\n            margin-bottom: 20px;\n        }\n        #gensei-table-container h1 {\n            \/* Increased to 18pt for prominent visibility *\/\n            font-size: 18pt; \n            color: #1a1a1a;\n            margin-bottom: 15px;\n            letter-spacing: -0.5px;\n            font-weight: 600;\n            line-height: 1.2;\n        }\n        #gensei-table-container .description {\n            font-size: 12pt;\n            color: #4a4a4a;\n            margin-bottom: 30px;\n        }\n        #gensei-table-container table {\n            width: 100%;\n            border-collapse: collapse;\n            background-color: #fff;\n            box-shadow: 0 4px 15px rgba(0,0,0,0.05);\n            border-radius: 8px;\n            overflow: hidden;\n        }\n        #gensei-table-container thead {\n            background-color: #1a1a1a;\n            color: #ffffff;\n        }\n        #gensei-table-container th {\n            text-align: left;\n            padding: 18px 24px;\n            font-size: 10pt;\n            text-transform: uppercase;\n            letter-spacing: 1px;\n            font-weight: 600;\n        }\n        #gensei-table-container td {\n            padding: 20px 24px;\n            border-bottom: 1px solid #f1f3f5;\n            font-size: 11pt;\n        }\n        #gensei-table-container .source-cell, \n        #gensei-table-container .timeline-cell {\n            font-weight: 400;\n        }\n        #gensei-table-container .timeline-cell {\n            color: #0984e3;\n        }\n        #gensei-table-container .variance-cell {\n            color: #636e72;\n            font-style: italic;\n        }\n        #gensei-table-container .footer-note {\n            margin-top: 30px;\n            font-size: 9pt;\n            color: #b2bec3;\n            text-align: center;\n        }\n    <\/style>\n\n    <div class=\"accent-bar\"><\/div>\n    <h1>Le calendrier standard<\/h1>\n    \n    <p class=\"description\">\n        La plupart des poudres de collag\u00e8ne disponibles dans le commerce ont une dur\u00e9e de conservation allant de 18 mois \u00e0 5 ans. Cette dur\u00e9e d\u00e9pend de l'origine de la mati\u00e8re premi\u00e8re, des m\u00e9thodes de traitement sophistiqu\u00e9es et de l'architecture sp\u00e9cifique de la formulation.\n    <\/p>\n\n    <table>\n        <thead>\n            <tr>\n                <th>Source de collag\u00e8ne<\/th>\n                <th>Dur\u00e9e de conservation typique<\/th>\n                <th>Motif de la d\u00e9rogation<\/th>\n            <\/tr>\n        <\/thead>\n        <tbody>\n            <tr>\n                <td class=\"source-cell\">Collag\u00e8ne bovin<\/td>\n                <td class=\"timeline-cell\">2 - 5 ans<\/td>\n                <td class=\"variance-cell\">Structure prot\u00e9ique tr\u00e8s stable ; faible taux d'humidit\u00e9 optimis\u00e9.<\/td>\n            <\/tr>\n            <tr>\n                <td class=\"source-cell\">Collag\u00e8ne marin<\/td>\n                <td class=\"timeline-cell\">1,5 - 3 ans<\/td>\n                <td class=\"variance-cell\">Plus grande sensibilit\u00e9 \u00e0 l'oxydation ; n\u00e9cessite un traitement pr\u00e9cis.<\/td>\n            <\/tr>\n            <tr>\n                <td class=\"source-cell\">M\u00e9langes aromatis\u00e9s<\/td>\n                <td class=\"timeline-cell\">1 - 2 ans<\/td>\n                <td class=\"variance-cell\">Les additifs tels que la st\u00e9via ou le cacao se d\u00e9gradent plus rapidement que les peptides de collag\u00e8ne.<\/td>\n            <\/tr>\n        <\/tbody>\n    <\/table>\n\n    <div class=\"footer-note\">\n        2026 Gensei Raw Materials Division - Documentation technique\n    <\/div>\n<\/div>\n\n\n\n<h3 class=\"wp-block-heading\"><span class=\"ez-toc-section\" id=\"Expiration_Date_vs_%E2%80%9CBest-By%E2%80%9D_Date\"><\/span>Date d'expiration ou date de p\u00e9remption<span class=\"ez-toc-section-end\"><\/span><\/h3>\n\n\n\n<p>Il est important d'examiner attentivement l'\u00e9tiquette. La plupart des fabricants utilisent une date de p\u00e9remption ou une date limite d'utilisation optimale plut\u00f4t qu'une date d'expiration pr\u00e9cise.<\/p>\n\n\n\n<ul class=\"wp-block-list\">\n<li><strong>Date de p\u00e9remption :<\/strong> Il s'agit de l'estimation par le fabricant de la dur\u00e9e pendant laquelle le produit conservera sa qualit\u00e9 optimale. Apr\u00e8s cette date, le collag\u00e8ne peut commencer \u00e0 perdre sa solubilit\u00e9 (sa capacit\u00e9 \u00e0 se dissoudre dans votre caf\u00e9) et sa bioactivit\u00e9 (l'efficacit\u00e9 avec laquelle votre corps peut utiliser les peptides).<\/li>\n\n\n\n<li><strong>Date d'expiration :<\/strong> Il s'agit d'une directive de s\u00e9curit\u00e9 plus stricte. Si un produit a d\u00e9pass\u00e9 la date \u201cEXP\u201d officielle, le risque de d\u00e9veloppement bact\u00e9rien ou de d\u00e9gradation chimique d\u00fb \u00e0 l'humidit\u00e9 augmente et il est g\u00e9n\u00e9ralement pr\u00e9f\u00e9rable de le jeter.<\/li>\n<\/ul>\n\n\n\n<h3 class=\"wp-block-heading\"><span class=\"ez-toc-section\" id=\"Why_Is_Collagen_So_Stable\"><\/span>Pourquoi le collag\u00e8ne est-il si stable ?<span class=\"ez-toc-section-end\"><\/span><\/h3>\n\n\n\n<p id=\"p-rc_68ddee1dc4141c14-20\">\u00c0 la base, le collag\u00e8ne est une prot\u00e9ine structurelle. Sous sa forme de poudre (collag\u00e8ne hydrolys\u00e9), il a subi un processus qui le d\u00e9compose en peptides plus petits et \u00e9limine l'humidit\u00e9. Sans humidit\u00e9, les r\u00e9actions chimiques qui provoquent g\u00e9n\u00e9ralement la d\u00e9t\u00e9rioration des aliments, telles que la croissance microbienne ou le brunissement enzymatique, sont consid\u00e9rablement ralenties.<\/p>\n\n\n\n<p>Cependant, \u201cstable\u201d ne signifie pas \u201cinvincible\u201d. Au fil du temps, les liaisons entre les acides amin\u00e9s peuvent s'affaiblir, en particulier lorsqu'elles sont expos\u00e9es \u00e0 des facteurs de stress environnementaux. M\u00eame s'il est peu probable qu'une cuiller\u00e9e de collag\u00e8ne \u201cp\u00e9rim\u00e9\u201d de deux mois provoque une crise sanitaire, elle n'offrira tout simplement pas les m\u00eames r\u00e9sultats \u201c\u00e9clatants\u201d que ceux pour lesquels vous payez.<\/p>\n\n\n\n<h2 class=\"wp-block-heading\"><span class=\"ez-toc-section\" id=\"How_to_Tell_if_Your_Collagen_Has_Gone_Bad\"><\/span>Comment savoir si votre collag\u00e8ne s'est d\u00e9grad\u00e9 ?<span class=\"ez-toc-section-end\"><\/span><\/h2>\n\n\n\n<div class=\"wp-block-uagb-image uagb-block-67c3b9c8 wp-block-uagb-image--layout-default wp-block-uagb-image--effect-static wp-block-uagb-image--align-none\"><figure class=\"wp-block-uagb-image__figure\"><img loading=\"lazy\" decoding=\"async\" srcset=\"https:\/\/collagensei.com\/wp-content\/uploads\/2026\/04\/How-to-Tell-if-Your-Collagen-Has-Gone-Bad.webp ,https:\/\/collagensei.com\/wp-content\/uploads\/2026\/04\/How-to-Tell-if-Your-Collagen-Has-Gone-Bad.webp 780w, https:\/\/collagensei.com\/wp-content\/uploads\/2026\/04\/How-to-Tell-if-Your-Collagen-Has-Gone-Bad.webp 360w\" sizes=\"auto, (max-width: 480px) 150px\" src=\"https:\/\/collagensei.com\/wp-content\/uploads\/2026\/04\/How-to-Tell-if-Your-Collagen-Has-Gone-Bad.webp\" alt=\"Comment savoir si votre collag\u00e8ne s&#039;est d\u00e9grad\u00e9 ?\" class=\"uag-image-18542\" width=\"1000\" height=\"562\" title=\"Comment savoir si votre collag\u00e8ne s&#039;est d\u00e9grad\u00e9 ?\" role=\"img\"\/><\/figure><\/div>\n\n\n\n<p>Si vous trouvez un contenant dont la date de p\u00e9remption est d\u00e9pass\u00e9e, votre premier geste ne devrait pas \u00eatre la poubelle, mais une inspection sensorielle. Le collag\u00e8ne \u00e9tant une prot\u00e9ine s\u00e8che et transform\u00e9e, il ne \u201cpourrit\u201d pas comme la viande, mais il se d\u00e9grade. Voici les trois principaux signaux d'alarme qui indiquent que votre poudre de collag\u00e8ne a officiellement atteint la fin de sa dur\u00e9e de vie.<\/p>\n\n\n\n<h3 class=\"wp-block-heading\"><span class=\"ez-toc-section\" id=\"Sensory_Indicators_The_%E2%80%9CLook_Smell_and_Touch%E2%80%9D_Test\"><\/span>Indicateurs sensoriels : Le test \u201cRegarder, sentir et toucher<span class=\"ez-toc-section-end\"><\/span><\/h3>\n\n\n\n<ul class=\"wp-block-list\">\n<li><strong>L'agglutination de l'humidit\u00e9 :<\/strong> Le collag\u00e8ne de haute qualit\u00e9 doit se pr\u00e9senter sous la forme d'une poudre fine et fluide. Si vous ouvrez le couvercle et trouvez de gros amas durs, ou si la poudre s'est transform\u00e9e en \u201cbrique\u201d solide, l'humidit\u00e9 a p\u00e9n\u00e9tr\u00e9 dans le r\u00e9cipient. L'humidit\u00e9 est la porte d'entr\u00e9e des moisissures et des bact\u00e9ries. Si la poudre n'est pas s\u00e8che et fluide, il est temps de s'en d\u00e9barrasser.<\/li>\n\n\n\n<li><strong>L'odeur \u201coff\u201d :<\/strong> Le collag\u00e8ne hydrolys\u00e9 pur est pratiquement inodore ou a une tr\u00e8s faible odeur neutre. Si vous sentez une odeur aigre, \u201cfunky\u201d ou rappelant celle du vieux carton, il se peut que les acides amin\u00e9s aient commenc\u00e9 \u00e0 s'oxyder ou que l'humidit\u00e9 ait d\u00e9clench\u00e9 une activit\u00e9 microbienne.<\/li>\n\n\n\n<li><strong>D\u00e9coloration visuelle :<\/strong> Le collag\u00e8ne frais est g\u00e9n\u00e9ralement blanc ou blanc cass\u00e9. Si vous constatez un jaunissement, un brunissement ou, surtout, de minuscules taches sombres ou vertes (spores de moisissure), jetez imm\u00e9diatement l'ensemble du contenant.<\/li>\n<\/ul>\n\n\n\n<h3 class=\"wp-block-heading\"><span class=\"ez-toc-section\" id=\"The_Efficacy_Factor_When_%E2%80%9CSafe%E2%80%9D_Isnt_Enough\"><\/span>Le facteur d'efficacit\u00e9 : Quand la s\u00e9curit\u00e9 ne suffit pas<span class=\"ez-toc-section-end\"><\/span><\/h3>\n\n\n\n<p>Parfois, le collag\u00e8ne peut passer le test de l'odeur et de l'apparence, mais rester \u201cmauvais\u201d en termes de performance. C'est ce qu'on appelle la perte de bioactivit\u00e9.<\/p>\n\n\n\n<p>Au fur et \u00e0 mesure que le collag\u00e8ne vieillit, les liaisons peptidiques qui le rendent \u201cbioactif\u201d (c'est-\u00e0-dire facile \u00e0 absorber par l'organisme et \u00e0 utiliser pour la r\u00e9paration de la peau ou des articulations) peuvent se d\u00e9grader progressivement. M\u00eame si la poudre peut techniquement \u00eatre consomm\u00e9e sans danger, elle peut le devenir :<\/p>\n\n\n\n<ol start=\"1\" class=\"wp-block-list\">\n<li><strong>Moins soluble :<\/strong> Il ne se dissout pas compl\u00e8tement dans votre caf\u00e9 ou votre smoothie du matin, laissant un r\u00e9sidu granuleux ou g\u00e9latineux.<\/li>\n\n\n\n<li><strong>Inerte sur le plan nutritionnel :<\/strong> Les s\u00e9quences sp\u00e9cifiques d'acides amin\u00e9s qui d\u00e9clenchent la production de collag\u00e8ne par l'organisme peuvent \u00eatre endommag\u00e9es, ce qui rend le compl\u00e9ment inefficace.<\/li>\n<\/ol>\n\n\n\n<blockquote class=\"wp-block-quote is-layout-flow wp-block-quote-is-layout-flow\">\n<p><strong>Conseil d'expert :<\/strong> Si votre collag\u00e8ne a perdu sa capacit\u00e9 \u00e0 se dissoudre rapidement dans l'eau \u00e0 temp\u00e9rature ambiante, c'est un signe fort que la structure mol\u00e9culaire a chang\u00e9, et vous ne verrez probablement pas les r\u00e9sultats de sant\u00e9 que vous recherchez.<\/p>\n<\/blockquote>\n\n\n\n<div id=\"spoilage-summary-container\">\n    <style>\n        #spoilage-summary-container {\n            padding: 40px;\n            font-family: 'Segoe UI', Roboto, Helvetica, Arial, sans-serif;\n            color: #2d3436;\n            line-height: 1.6;\n            background-color: #ffffff;\n            border: 1px solid #f1f3f5;\n            margin: 20px 0;\n            border-radius: 4px;\n        }\n        #spoilage-summary-container .status-bar {\n            width: 60px;\n            height: 4px;\n            background-color: #000000; \/* Bar color changed to black *\/\n            margin-bottom: 20px;\n        }\n        #spoilage-summary-container .table-title {\n            \/* Restyled as a specific class rather than an H2 tag *\/\n            font-size: 18pt;\n            color: #1a1a1a;\n            margin-bottom: 15px;\n            letter-spacing: -0.5px;\n            font-weight: 600;\n            line-height: 1.2;\n            display: block; \/* Ensures h2-like block behavior *\/\n        }\n        #spoilage-summary-container .intro-text {\n            font-size: 11pt;\n            color: #636e72;\n            margin-bottom: 25px;\n            font-style: italic;\n        }\n        #spoilage-summary-container table {\n            width: 100%;\n            border-collapse: collapse;\n            background-color: #fff;\n            box-shadow: 0 10px 30px rgba(0,0,0,0.03);\n            border-radius: 8px;\n            overflow: hidden;\n            border: 1px solid #eee;\n        }\n        #spoilage-summary-container thead {\n            background-color: #2d3436;\n            color: #ffffff;\n        }\n        #spoilage-summary-container th {\n            text-align: left;\n            padding: 16px 20px;\n            font-size: 9pt;\n            text-transform: uppercase;\n            letter-spacing: 1.5px;\n            font-weight: 600;\n        }\n        #spoilage-summary-container td {\n            padding: 18px 20px;\n            border-bottom: 1px solid #f1f3f5;\n            font-size: 10.5pt;\n        }\n        #spoilage-summary-container tr:last-child td {\n            border-bottom: none;\n        }\n        \/* Column Specifics *\/\n        #spoilage-summary-container .sign-col {\n            font-weight: 600;\n            color: #2d3436;\n            width: 25%;\n        }\n        #spoilage-summary-container .meaning-col {\n            color: #636e72;\n            width: 40%;\n        }\n        #spoilage-summary-container .action-col {\n            width: 35%;\n        }\n        \/* Action Badges *\/\n        #spoilage-summary-container .badge {\n            display: inline-block;\n            padding: 4px 10px;\n            border-radius: 4px;\n            font-size: 9pt;\n            font-weight: 700;\n            text-transform: uppercase;\n            margin-right: 5px;\n        }\n        #spoilage-summary-container .badge-discard {\n            background-color: #fff0f0;\n            color: #d63031;\n            border: 1px solid #ffcfcf;\n        }\n        #spoilage-summary-container .badge-replace {\n            background-color: #fff9db;\n            color: #f59f00;\n            border: 1px solid #ffe066;\n        }\n        #spoilage-summary-container .context-note {\n            font-size: 9.5pt;\n            color: #636e72;\n        }\n    <\/style>\n\n    <div class=\"status-bar\"><\/div>\n    <span class=\"table-title\">Tableau r\u00e9capitulatif des pertes<\/span>\n    <p class=\"intro-text\">Utilisez ces indicateurs sensoriels pour \u00e9valuer l'int\u00e9grit\u00e9 de vos peptides de collag\u00e8ne.<\/p>\n\n    <table>\n        <thead>\n            <tr>\n                <th>Signe de d\u00e9t\u00e9rioration<\/th>\n                <th>Ce que cela signifie<\/th>\n                <th>Action requise<\/th>\n            <\/tr>\n        <\/thead>\n        <tbody>\n            <tr>\n                <td class=\"sign-col\">Touffes dures<\/td>\n                <td class=\"meaning-col\">Intrusion d'humidit\u00e9<\/td>\n                <td class=\"action-col\">\n                    <span class=\"badge badge-discard\">Rejeter<\/span>\n                    <span class=\"context-note\">(Risque de moisissures)<\/span>\n                <\/td>\n            <\/tr>\n            <tr>\n                <td class=\"sign-col\">Jaunissement<\/td>\n                <td class=\"meaning-col\">Oxydation \/ Vieillissement chimique<\/td>\n                <td class=\"action-col\">\n                    <span class=\"badge badge-discard\">Rejeter<\/span>\n                    <span class=\"context-note\">(Faible efficacit\u00e9)<\/span>\n                <\/td>\n            <\/tr>\n            <tr>\n                <td class=\"sign-col\">Odeur aigre<\/td>\n                <td class=\"meaning-col\">Croissance bact\u00e9rienne \/ rancissement<\/td>\n                <td class=\"action-col\">\n                    <span class=\"badge badge-discard\">Rejeter<\/span>\n                    <span class=\"context-note\">(Risque pour la s\u00e9curit\u00e9)<\/span>\n                <\/td>\n            <\/tr>\n            <tr>\n                <td class=\"sign-col\">Texture granuleuse<\/td>\n                <td class=\"meaning-col\">Faible solubilit\u00e9 \/ D\u00e9gradation<\/td>\n                <td class=\"action-col\">\n                    <span class=\"badge badge-replace\">Remplacer<\/span>\n                    <span class=\"context-note\">(inefficace)<\/span>\n                <\/td>\n            <\/tr>\n        <\/tbody>\n    <\/table>\n<\/div>\n\n\n\n<h2 class=\"wp-block-heading\"><span class=\"ez-toc-section\" id=\"Factors_That_Accelerate_Collagen_Degradation\"><\/span>Facteurs qui acc\u00e9l\u00e8rent la d\u00e9gradation du collag\u00e8ne<span class=\"ez-toc-section-end\"><\/span><\/h2>\n\n\n\n<p>Bien que le collag\u00e8ne de haute qualit\u00e9 soit con\u00e7u pour se conserver, il n'est pas \u00e0 l'abri des agressions environnementales. Comprendre ce qui cause la d\u00e9gradation du collag\u00e8ne bioactif est la premi\u00e8re \u00e9tape pour s'assurer que votre suppl\u00e9ment reste efficace jusqu'\u00e0 la derni\u00e8re cuiller\u00e9e. Plusieurs facteurs cl\u00e9s agissent comme catalyseurs de la d\u00e9gradation, raccourcissant souvent la fen\u00eatre de p\u00e9remption de mani\u00e8re significative si elle n'est pas g\u00e9r\u00e9e correctement.<\/p>\n\n\n\n<h3 class=\"wp-block-heading\"><span class=\"ez-toc-section\" id=\"The_Humidity_Trap_Moisture_as_the_Primary_Enemy\"><\/span>Le pi\u00e8ge de l'humidit\u00e9 : l'humidit\u00e9 comme premier ennemi<span class=\"ez-toc-section-end\"><\/span><\/h3>\n\n\n\n<p>L'humidit\u00e9 est la force la plus destructrice pour tout type d'environnement. <a class=\"wpil_keyword_link\" href=\"https:\/\/collagensei.com\/fr\/categorie\/supplement-de-proteines-en-poudre\/\" target=\"_blank\"  rel=\"noopener\" title=\"Suppl\u00e9ment prot\u00e9ique en poudre\" data-wpil-keyword-link=\"linked\"  data-wpil-monitor-id=\"2296\">suppl\u00e9ment en poudre<\/a>. Les peptides de collag\u00e8ne sont hygroscopiques, ce qui signifie qu'ils attirent et retiennent naturellement les mol\u00e9cules d'eau de l'air ambiant.<\/p>\n\n\n\n<ul class=\"wp-block-list\">\n<li><strong>Croissance microbienne :<\/strong> M\u00eame une petite quantit\u00e9 d'humidit\u00e9 peut cr\u00e9er un environnement propice au d\u00e9veloppement des bact\u00e9ries et des moisissures.<\/li>\n\n\n\n<li><strong>Agglom\u00e9ration :<\/strong> L'humidit\u00e9 provoque l'agglom\u00e9ration de la poudre fine, ce qui modifie physiquement la surface et r\u00e9duit la capacit\u00e9 du collag\u00e8ne \u00e0 se dissoudre dans les liquides.<\/li>\n<\/ul>\n\n\n\n<h3 class=\"wp-block-heading\"><span class=\"ez-toc-section\" id=\"Heat_Sensitivity_Breaking_the_Peptide_Bonds\"><\/span>Sensibilit\u00e9 \u00e0 la chaleur : Rupture des liaisons peptidiques<span class=\"ez-toc-section-end\"><\/span><\/h3>\n\n\n\n<p>L'exposition \u00e0 des temp\u00e9ratures \u00e9lev\u00e9es - comme le stockage de votre collag\u00e8ne au-dessus d'une cuisini\u00e8re ou dans une voiture chaude - peut compromettre l'int\u00e9grit\u00e9 structurelle de la prot\u00e9ine.<\/p>\n\n\n\n<ul class=\"wp-block-list\">\n<li><strong>D\u00e9naturation :<\/strong> Alors que le collag\u00e8ne hydrolys\u00e9 est d\u00e9j\u00e0 \u201cd\u00e9compos\u00e9\u201d en peptides, une chaleur excessive peut provoquer d'autres modifications chimiques susceptibles de r\u00e9duire la bioactivit\u00e9 des acides amin\u00e9s.<\/li>\n\n\n\n<li><strong>Vieillissement acc\u00e9l\u00e9r\u00e9 :<\/strong> Pour chaque augmentation de 10\u00b0C de la temp\u00e9rature, le taux de d\u00e9gradation chimique double g\u00e9n\u00e9ralement. Le fait de conserver votre collag\u00e8ne dans un environnement chaud fait \u201cvieillir\u201d le produit plus rapidement que ne le sugg\u00e8re le calendrier.<\/li>\n<\/ul>\n\n\n\n<h3 class=\"wp-block-heading\"><span class=\"ez-toc-section\" id=\"Light_Exposure_and_Oxidation\"><\/span>Exposition \u00e0 la lumi\u00e8re et oxydation<span class=\"ez-toc-section-end\"><\/span><\/h3>\n\n\n\n<p>La lumi\u00e8re UV et l'exposition constante \u00e0 l'oxyg\u00e8ne peuvent entra\u00eener un processus appel\u00e9 oxydation.<\/p>\n\n\n\n<ul class=\"wp-block-list\">\n<li><strong>Dommages caus\u00e9s par les UV :<\/strong> Si votre collag\u00e8ne est vendu dans un emballage transparent ou translucide, la lumi\u00e8re du soleil peut p\u00e9n\u00e9trer dans l'emballage et briser les liaisons mol\u00e9culaires.<\/li>\n\n\n\n<li><strong>Rancidit\u00e9 :<\/strong> Bien que le collag\u00e8ne contienne tr\u00e8s peu de mati\u00e8res grasses, les lipides r\u00e9siduels ou les ar\u00f4mes ajout\u00e9s (comme le chocolat ou la vanille) peuvent s'oxyder lorsqu'ils sont expos\u00e9s \u00e0 l'air, ce qui entra\u00eene les odeurs et les go\u00fbts d\u00e9sagr\u00e9ables dont nous avons parl\u00e9 pr\u00e9c\u00e9demment.<\/li>\n<\/ul>\n\n\n\n<h3 class=\"wp-block-heading\"><span class=\"ez-toc-section\" id=\"Source_Material_and_Processing_Quality\"><\/span>Mati\u00e8res premi\u00e8res et qualit\u00e9 de la transformation<span class=\"ez-toc-section-end\"><\/span><\/h3>\n\n\n\n<p>La stabilit\u00e9 de base d'un produit est souvent d\u00e9termin\u00e9e au stade de la fabrication. L'origine et la puret\u00e9 de la mati\u00e8re premi\u00e8re du collag\u00e8ne jouent un r\u00f4le d\u00e9terminant dans sa r\u00e9sistance \u00e0 l'\u00e9preuve du temps.<\/p>\n\n\n\n<ul class=\"wp-block-list\">\n<li><strong>Diff\u00e9rences de sources :<\/strong> En g\u00e9n\u00e9ral, le collag\u00e8ne d'origine bovine est l\u00e9g\u00e8rement plus robuste que les options d'origine marine en raison de son profil d'acides amin\u00e9s et de sa densit\u00e9 sp\u00e9cifiques.<\/li>\n\n\n\n<li><strong>Normes de traitement :<\/strong> Le collag\u00e8ne de haute puret\u00e9 qui a \u00e9t\u00e9 m\u00e9ticuleusement filtr\u00e9 et s\u00e9ch\u00e9 pendant la production aura naturellement une teneur en humidit\u00e9 plus faible, ce qui le rendra beaucoup plus r\u00e9sistant \u00e0 la d\u00e9t\u00e9rioration que les alternatives de qualit\u00e9 inf\u00e9rieure qui peuvent contenir des impuret\u00e9s ou des agents de remplissage.<\/li>\n<\/ul>\n\n\n\n<hr class=\"wp-block-separator has-alpha-channel-opacity\"\/>\n\n\n\n<div id=\"gensei-takeaway-container\">\n    <style>\n        #gensei-takeaway-container {\n            margin: 40px 0;\n            padding: 35px;\n            background-color: #fcfcfc;\n            border-left: 5px solid #1a1a1a;\n            font-family: 'Segoe UI', Roboto, Helvetica, Arial, sans-serif;\n            box-shadow: 0 4px 20px rgba(0,0,0,0.04);\n            border-radius: 0 8px 8px 0;\n        }\n\n        #gensei-takeaway-container .label {\n            display: inline-block;\n            \/* Label font size increased to 11pt *\/\n            font-size: 11pt; \n            font-weight: 700;\n            text-transform: uppercase;\n            letter-spacing: 2px;\n            color: #1a1a1a;\n            margin-bottom: 15px;\n            border-bottom: 1px solid #e1e8ed;\n            padding-bottom: 4px;\n        }\n\n        #gensei-takeaway-container .content {\n            font-size: 13pt;\n            color: #2d3436;\n            line-height: 1.7;\n            margin: 0;\n            font-weight: 400;\n        }\n\n        #gensei-takeaway-container .highlight {\n            color: #1a1a1a;\n            font-weight: 600;\n            background: linear-gradient(120deg, rgba(255, 255, 255, 0) 0%, rgba(255, 255, 255, 0) 50%, #fff9db 50%, #fff9db 100%);\n            background-size: 200% 100%;\n            padding: 0 4px;\n        }\n\n        #gensei-takeaway-container .footer-brand {\n            margin-top: 20px;\n            font-size: 10pt;\n            color: #b2bec3;\n            display: flex;\n            align-items: center;\n        }\n\n        #gensei-takeaway-container .footer-brand::before {\n            content: \"\";\n            width: 20px;\n            height: 1px;\n            background-color: #e1e8ed;\n            margin-right: 10px;\n        }\n    <\/style>\n\n    <span class=\"label\">Principaux enseignements<\/span>\n    <p class=\"content\">\n        Si vous voulez que votre collag\u00e8ne dure des ann\u00e9es plut\u00f4t que des mois, vous devez le prot\u00e9ger contre les agressions ext\u00e9rieures. \n        <span class=\"highlight\">\u201cLes \u201dtrois grands\" : l'humidit\u00e9, la chaleur et la lumi\u00e8re.<\/span> \n        Une manipulation correcte au niveau du consommateur est tout aussi essentielle que les mesures rigoureuses de contr\u00f4le de la qualit\u00e9 mises en place au cours du processus de fabrication.\n    <\/p>\n    <div class=\"footer-brand\">Assurance qualit\u00e9 Gensei<\/div>\n<\/div>\n\n\n\n<h2 class=\"wp-block-heading\"><span class=\"ez-toc-section\" id=\"How_to_Maximize_Collagen_Longevity\"><\/span>Comment maximiser la long\u00e9vit\u00e9 du collag\u00e8ne<span class=\"ez-toc-section-end\"><\/span><\/h2>\n\n\n\n<p>Que vous travailliez avec des mati\u00e8res premi\u00e8res de collag\u00e8ne de premi\u00e8re qualit\u00e9 dans un cadre professionnel ou que vous souhaitiez simplement tirer le meilleur parti de votre suppl\u00e9ment personnel, la fa\u00e7on dont vous stockez la poudre d\u00e9termine si elle atteint son plein potentiel de trois \u00e0 cinq ans ou si elle se p\u00e9rime pr\u00e9matur\u00e9ment.<\/p>\n\n\n\n<h3 class=\"wp-block-heading\"><span class=\"ez-toc-section\" id=\"The_%E2%80%9CCool_Dry_Dark%E2%80%9D_Golden_Rule\"><\/span>La r\u00e8gle d'or \u201cfrais, sec, sombre\u201d.<span class=\"ez-toc-section-end\"><\/span><\/h3>\n\n\n\n<p>L'environnement dans lequel vous conservez votre collag\u00e8ne est le facteur le plus important de sa long\u00e9vit\u00e9.<\/p>\n\n\n\n<ul class=\"wp-block-list\">\n<li><strong>Gardez la t\u00eate froide :<\/strong> \u00c9vitez de conserver votre collag\u00e8ne \u00e0 proximit\u00e9 d'appareils produisant de la chaleur, tels que la cuisini\u00e8re, le lave-vaisselle ou le r\u00e9frig\u00e9rateur. La temp\u00e9rature ambiante (environ 20\u00b0C \u00e0 25\u00b0C) est id\u00e9ale.<\/li>\n\n\n\n<li><strong>Restez au sec :<\/strong> Les garde-manger sont pr\u00e9f\u00e9rables aux armoires de salle de bain ou aux comptoirs de cuisine pr\u00e8s de l'\u00e9vier. L'humidit\u00e9 est un tueur silencieux de la stabilit\u00e9 des poudres ; m\u00eame la vapeur d'une casserole en \u00e9bullition peut introduire suffisamment d'humidit\u00e9 pour provoquer une agglutination.<\/li>\n\n\n\n<li><strong>Restez dans l'obscurit\u00e9 :<\/strong> Si votre collag\u00e8ne se pr\u00e9sente dans un contenant transparent, conservez-le dans un placard sombre. L'exposition \u00e0 la lumi\u00e8re peut d\u00e9clencher des r\u00e9actions chimiques subtiles qui d\u00e9gradent le profil des acides amin\u00e9s au fil du temps.<\/li>\n<\/ul>\n\n\n\n<h3 class=\"wp-block-heading\"><span class=\"ez-toc-section\" id=\"Master_the_Seal\"><\/span>Ma\u00eetriser le sceau<span class=\"ez-toc-section-end\"><\/span><\/h3>\n\n\n\n<p>L'oxyg\u00e8ne et l'humidit\u00e9 en suspension dans l'air tentent constamment de p\u00e9n\u00e9trer dans votre conteneur de compl\u00e9ments.<\/p>\n\n\n\n<ul class=\"wp-block-list\">\n<li><strong>Le pi\u00e8ge du \u201cdemi-tour\u201d :<\/strong> Veillez \u00e0 ce que le couvercle soit bien viss\u00e9 apr\u00e8s chaque utilisation. Un couvercle l\u00e9g\u00e8rement de travers permet \u00e0 la poudre de \u201crespirer\u201d l'humidit\u00e9 ambiante.<\/li>\n\n\n\n<li><strong>Transf\u00e9rer avec pr\u00e9caution :<\/strong> Si vous achetez le collag\u00e8ne en vrac et pr\u00e9f\u00e9rez le placer dans un bocal en verre, assurez-vous que le bocal est <strong>\u00e9tanche<\/strong> (recherchez un joint en silicone) et compl\u00e8tement sec avant le transfert.<\/li>\n<\/ul>\n\n\n\n<h3 class=\"wp-block-heading\"><span class=\"ez-toc-section\" id=\"The_%E2%80%9CDry_Scoop%E2%80%9D_Protocol\"><\/span>Le protocole \u201cDry Scoop<span class=\"ez-toc-section-end\"><\/span><\/h3>\n\n\n\n<p>La contamination crois\u00e9e est l'une des principales causes de d\u00e9t\u00e9rioration localis\u00e9e dans un conteneur.<\/p>\n\n\n\n<ul class=\"wp-block-list\">\n<li><strong>Ne jamais utiliser une pelle mouill\u00e9e :<\/strong> Il est tentant d'utiliser la cuill\u00e8re que vous venez d'utiliser pour remuer votre caf\u00e9, mais une seule goutte de liquide peut cr\u00e9er un \u201cancrage de moule\u201d dans la poudre.<\/li>\n\n\n\n<li><strong>Laissez le dessiccateur \u00e0 l'int\u00e9rieur :<\/strong> La plupart des marques de qualit\u00e9 sup\u00e9rieure incluent un petit sachet de gel de silice. Ne le jetez pas ; il a pour fonction d'absorber toute trace d'humidit\u00e9 qui p\u00e9n\u00e8tre dans le conteneur lorsque vous ouvrez le couvercle.<\/li>\n<\/ul>\n\n\n\n<hr class=\"wp-block-separator has-alpha-channel-opacity\"\/>\n\n\n\n<div id=\"storage-reference-container\">\n    <style>\n        #storage-reference-container {\n            padding: 40px;\n            font-family: 'Segoe UI', Roboto, Helvetica, Arial, sans-serif;\n            color: #2d3436;\n            line-height: 1.6;\n            background-color: #ffffff;\n            border: 1px solid #e1e8ed;\n            margin: 20px 0;\n            border-radius: 8px;\n        }\n\n        #storage-reference-container .accent-line {\n            width: 40px;\n            height: 3px;\n            background-color: #000000;\n            margin-bottom: 15px;\n        }\n\n        #storage-reference-container .table-header-title {\n            \/* Adjusted to 18pt to match the Spoilage Summary Table title size *\/\n            font-size: 18pt;\n            color: #1a1a1a;\n            margin-bottom: 8px;\n            font-weight: 600;\n            display: block;\n            letter-spacing: -0.5px;\n            line-height: 1.2;\n        }\n\n        #storage-reference-container .table-subtitle {\n            font-size: 10pt;\n            color: #636e72;\n            text-transform: uppercase;\n            letter-spacing: 1px;\n            margin-bottom: 25px;\n            display: block;\n        }\n\n        #storage-reference-container table {\n            width: 100%;\n            border-collapse: collapse;\n            background-color: #fff;\n            border-radius: 8px;\n            overflow: hidden;\n            border: 1px solid #f1f3f5;\n        }\n\n        #storage-reference-container thead {\n            background-color: #f8f9fa;\n            border-bottom: 2px solid #e1e8ed;\n        }\n\n        #storage-reference-container th {\n            text-align: left;\n            padding: 15px 20px;\n            font-size: 9pt;\n            color: #2d3436;\n            text-transform: uppercase;\n            letter-spacing: 1px;\n            font-weight: 700;\n        }\n\n        #storage-reference-container td {\n            padding: 18px 20px;\n            border-bottom: 1px solid #f1f3f5;\n            font-size: 10.5pt;\n            vertical-align: top;\n        }\n\n        #storage-reference-container tr:last-child td {\n            border-bottom: none;\n        }\n\n        #storage-reference-container .habit-col {\n            font-weight: 600;\n            color: #0984e3;\n            width: 30%;\n        }\n\n        #storage-reference-container .matter-col {\n            color: #4a4a4a;\n            width: 70%;\n        }\n\n        #storage-reference-container .check-icon {\n            display: inline-block;\n            margin-right: 8px;\n            color: #00b894;\n            font-weight: bold;\n        }\n    <\/style>\n\n    <div class=\"accent-line\"><\/div>\n    <span class=\"table-header-title\">Meilleures pratiques de stockage<\/span>\n    <span class=\"table-subtitle\">Guide de r\u00e9f\u00e9rence rapide<\/span>\n\n    <table>\n        <thead>\n            <tr>\n                <th>Habitudes de stockage<\/th>\n                <th>Pourquoi c'est important<\/th>\n            <\/tr>\n        <\/thead>\n        <tbody>\n            <tr>\n                <td class=\"habit-col\"><span class=\"check-icon\">\u2713<\/span> \u00c9tag\u00e8re de garde-manger<\/td>\n                <td class=\"matter-col\">Maintient une temp\u00e9rature stable et fra\u00eeche \u00e0 l'abri de la lumi\u00e8re directe du soleil et de la chaleur de la cuisine.<\/td>\n            <\/tr>\n            <tr>\n                <td class=\"habit-col\"><span class=\"check-icon\">\u2713<\/span> Couvercle herm\u00e9tique<\/td>\n                <td class=\"matter-col\">Pr\u00e9vient l'oxydation critique et emp\u00eache l'humidit\u00e9 ambiante de p\u00e9n\u00e9trer dans le bocal.<\/td>\n            <\/tr>\n            <tr>\n                <td class=\"habit-col\"><span class=\"check-icon\">\u2713<\/span> Scoop sec d\u00e9di\u00e9<\/td>\n                <td class=\"matter-col\">\u00c9limine le risque de contamination bact\u00e9rienne crois\u00e9e ou d'introduction d'humidit\u00e9 par des ustensiles mouill\u00e9s.<\/td>\n            <\/tr>\n            <tr>\n                <td class=\"habit-col\"><span class=\"check-icon\">\u2713<\/span> Emballage d'origine<\/td>\n                <td class=\"matter-col\">Les conteneurs de qualit\u00e9 industrielle sont souvent con\u00e7us sp\u00e9cifiquement pour bloquer les rayons UV et l'humidit\u00e9.<\/td>\n            <\/tr>\n        <\/tbody>\n    <\/table>\n<\/div>\n\n\n\n<blockquote class=\"wp-block-quote is-layout-flow wp-block-quote-is-layout-flow\">\n<p><strong>Conseil de pro :<\/strong> Si vous vivez dans un climat exceptionnellement humide ou tropical, envisagez de r\u00e9partir votre collag\u00e8ne en vrac dans des r\u00e9cipients plus petits et herm\u00e9tiques. Vous \u00e9viterez ainsi que la majeure partie de votre stock ne soit expos\u00e9e \u00e0 l'air chaque jour lorsque vous pr\u00e9parez votre smoothie matinal.<\/p>\n<\/blockquote>\n\n\n\n<h2 class=\"wp-block-heading\"><span class=\"ez-toc-section\" id=\"Choosing_the_Right_Collagen_A_Brand_Selection_Guide\"><\/span>Choisir le bon collag\u00e8ne : Guide de s\u00e9lection des marques<span class=\"ez-toc-section-end\"><\/span><\/h2>\n\n\n\n<p>Naviguer dans l'all\u00e9e des suppl\u00e9ments peut \u00eatre accablant, en particulier lorsque vous recherchez un produit qui \u00e9quilibre la stabilit\u00e9 de l'\u00e9tag\u00e8re avec des r\u00e9sultats de haute performance. En fonction de vos objectifs de sant\u00e9 et de votre mode de vie, voici quelques-unes des meilleures marques reconnues en 2026 pour leur qualit\u00e9 et leur efficacit\u00e9.<\/p>\n\n\n\n<div id=\"brand-matrix-container\">\n    <style>\n        #brand-matrix-container {\n            padding: 45px;\n            font-family: 'Segoe UI', Roboto, Helvetica, Arial, sans-serif;\n            color: #2d3436;\n            line-height: 1.6;\n            background-color: #ffffff;\n            border: 1px solid #e1e8ed;\n            margin: 30px 0;\n            border-radius: 12px;\n            box-shadow: 0 15px 35px rgba(0,0,0,0.05);\n        }\n\n        #brand-matrix-container .accent-bar {\n            width: 80px;\n            height: 4px;\n            background: linear-gradient(90deg, #1a1a1a 0%, #c3a478 100%);\n            margin-bottom: 25px;\n        }\n\n        #brand-matrix-container .matrix-title {\n            font-size: 18pt;\n            color: #1a1a1a;\n            margin-bottom: 10px;\n            font-weight: 600;\n            display: block;\n            letter-spacing: -0.5px;\n        }\n\n        #brand-matrix-container .matrix-subtitle {\n            font-size: 10pt;\n            color: #636e72;\n            text-transform: uppercase;\n            letter-spacing: 2px;\n            margin-bottom: 35px;\n            display: block;\n        }\n\n        #brand-matrix-container table {\n            width: 100%;\n            border-collapse: separate;\n            border-spacing: 0;\n            border: 1px solid #eee;\n            border-radius: 8px;\n            overflow: hidden;\n        }\n\n        #brand-matrix-container thead {\n            background-color: #1a1a1a;\n        }\n\n        #brand-matrix-container th {\n            text-align: left;\n            padding: 20px;\n            font-size: 9pt;\n            color: #ffffff;\n            text-transform: uppercase;\n            letter-spacing: 1.5px;\n            font-weight: 600;\n            border-bottom: 3px solid #c3a478; \/* Gold accent border *\/\n        }\n\n        #brand-matrix-container td {\n            padding: 25px 20px;\n            border-bottom: 1px solid #f1f3f5;\n            vertical-align: top;\n            font-size: 10.5pt;\n        }\n\n        #brand-matrix-container tr:last-child td {\n            border-bottom: none;\n        }\n\n        \/* Brand Profile Column *\/\n        #brand-matrix-container .brand-col {\n            width: 25%;\n            background-color: #fcfcfc;\n            border-right: 1px solid #f1f3f5;\n        }\n\n        #brand-matrix-container .brand-name {\n            display: block;\n            font-size: 12pt;\n            font-weight: 700;\n            color: #1a1a1a;\n            margin-bottom: 5px;\n        }\n\n        #brand-matrix-container .brand-archetype {\n            display: block;\n            font-size: 8.5pt;\n            color: #c3a478;\n            text-transform: uppercase;\n            font-weight: 700;\n            letter-spacing: 1px;\n        }\n\n        \/* Source & Tech Column *\/\n        #brand-matrix-container .source-col {\n            width: 30%;\n            color: #4a4a4a;\n        }\n\n        \/* Value Proposition Column *\/\n        #brand-matrix-container .value-col {\n            width: 45%;\n            color: #2d3436;\n        }\n\n        #brand-matrix-container .why-label {\n            display: block;\n            font-size: 8.5pt;\n            font-weight: 700;\n            color: #1a1a1a;\n            margin-bottom: 8px;\n            text-transform: uppercase;\n        }\n\n        #brand-matrix-container .tag {\n            display: inline-block;\n            padding: 3px 8px;\n            background-color: #f1f3f5;\n            border-radius: 4px;\n            font-size: 8.5pt;\n            font-weight: 600;\n            color: #636e72;\n            margin-top: 10px;\n        }\n    <\/style>\n\n    <div class=\"accent-bar\"><\/div>\n    <span class=\"matrix-title\">Premier Collagen Market Intelligence<\/span>\n    <span class=\"matrix-subtitle\">Matrice comparative de la stabilit\u00e9 de la marque et de l'approvisionnement<\/span>\n\n    <table>\n        <thead>\n            <tr>\n                <th>Entit\u00e9 de marque<\/th>\n                <th>Profil d'approvisionnement et de puret\u00e9<\/th>\n                <th>Proposition de valeur fondamentale<\/th>\n            <\/tr>\n        <\/thead>\n        <tbody>\n            <tr>\n                <td class=\"brand-col\">\n                    <span class=\"brand-name\">Prot\u00e9ines vitales<\/span>\n                    <span class=\"brand-archetype\">Le pionnier de la puret\u00e9<\/span>\n                <\/td>\n                <td class=\"source-col\">\n                    Peaux de bovins nourris \u00e0 l'herbe et \u00e9lev\u00e9s en p\u00e2turage. Architecture \"clean label\".\n                    <span class=\"tag\">Peptides non aromatis\u00e9s<\/span>\n                <\/td>\n                <td class=\"value-col\">\n                    <span class=\"why-label\">Pourquoi les choisir ?<\/span>\n                    L'accent mis sur un seul ingr\u00e9dient minimise les additifs qui causent l'agglutination. Id\u00e9al pour une solubilit\u00e9 instantan\u00e9e dans les milieux chauds et froids, avec une stabilit\u00e9 maximale en rayon.\n                <\/td>\n            <\/tr>\n            <tr>\n                <td class=\"brand-col\">\n                    <span class=\"brand-name\">Anciens + courageux<\/span>\n                    <span class=\"brand-archetype\">Sp\u00e9cialiste du d\u00e9veloppement durable<\/span>\n                <\/td>\n                <td class=\"source-col\">\n                    Sources marines sauvages et bovines nourries \u00e0 l'herbe certifi\u00e9es MSC.\n                    <span class=\"tag\">Collag\u00e8ne sauvage et vrai<\/span>\n                <\/td>\n                <td class=\"value-col\">\n                    <span class=\"why-label\">Pourquoi les choisir ?<\/span>\n                    La puret\u00e9 de qualit\u00e9 pharmaceutique \u00e9limine les hormones et les contaminants. Aucun arri\u00e8re-go\u00fbt de poisson dans les lignes marines ; profils neutres tr\u00e8s stables.\n                <\/td>\n            <\/tr>\n            <tr>\n                <td class=\"brand-col\">\n                    <span class=\"brand-name\">Momentan\u00e9<\/span>\n                    <span class=\"brand-archetype\">La puissance de la performance<\/span>\n                <\/td>\n                <td class=\"source-col\">\n                    Source bovine contenant des peptides Fortigel\u00ae + catalyseur de vitamine C.\n                    <span class=\"tag\">R\u00e9cup\u00e9ration athl\u00e9tique<\/span>\n                <\/td>\n                <td class=\"value-col\">\n                    <span class=\"why-label\">Pourquoi les choisir ?<\/span>\n                    Con\u00e7u pour la r\u00e9paration des tendons et des ligaments. L'inclusion de vitamine C agit comme un catalyseur vital pour la synth\u00e8se imm\u00e9diate du collag\u00e8ne pendant la r\u00e9cup\u00e9ration physique.\n                <\/td>\n            <\/tr>\n            <tr>\n                <td class=\"brand-col\">\n                    <span class=\"brand-name\">Codeage<\/span>\n                    <span class=\"brand-archetype\">L'innovateur tout-en-un<\/span>\n                <\/td>\n                <td class=\"source-col\">\n                    M\u00e9lange de cinq types (I, II, III, V, X) provenant de bovins, de poulets et de coquilles d'\u0153ufs.\n                    <span class=\"tag\">Platine \u00e0 large spectre<\/span>\n                <\/td>\n                <td class=\"value-col\">\n                    <span class=\"why-label\">Pourquoi les choisir ?<\/span>\n                    Cible simultan\u00e9ment la densit\u00e9 osseuse et l'\u00e9lasticit\u00e9 de la peau. Le traitement hydrolys\u00e9 avanc\u00e9 garantit que les m\u00e9langes complexes de sources multiples restent stables \u00e0 l'\u00e9talage.\n                <\/td>\n            <\/tr>\n        <\/tbody>\n    <\/table>\n<\/div>\n\n\n\n<h2 class=\"wp-block-heading\"><span class=\"ez-toc-section\" id=\"FAQs\"><\/span>FAQ<span class=\"ez-toc-section-end\"><\/span><\/h2>\n\n\n<div class=\"wp-block-uagb-faq uagb-faq__outer-wrap uagb-block-3e959e6d uagb-faq-icon-row uagb-faq-layout-accordion uagb-faq-expand-first-true uagb-faq-inactive-other-true uagb-faq__wrap uagb-buttons-layout-wrap uagb-faq-equal-height\" data-faqtoggle=\"true\" role=\"tablist\"><div class=\"wp-block-uagb-faq-child uagb-faq-child__outer-wrap uagb-faq-item uagb-block-2934fccd\" role=\"tab\" tabindex=\"0\"><div class=\"uagb-faq-questions-button uagb-faq-questions\">\t\t\t<span class=\"uagb-icon uagb-faq-icon-wrap\">\n\t\t\t\t\t\t\t\t<svg xmlns=\"https:\/\/www.w3.org\/2000\/svg\" viewbox= \"0 0 448 512\"><path d=\"M432 256c0 17.69-14.33 32.01-32 32.01H256v144c0 17.69-14.33 31.99-32 31.99s-32-14.3-32-31.99v-144H48c-17.67 0-32-14.32-32-32.01s14.33-31.99 32-31.99H192v-144c0-17.69 14.33-32.01 32-32.01s32 14.32 32 32.01v144h144C417.7 224 432 238.3 432 256z\"><\/path><\/svg>\n\t\t\t\t\t\t\t<\/span>\n\t\t\t\t\t\t<span class=\"uagb-icon-active uagb-faq-icon-wrap\">\n\t\t\t\t\t\t\t\t<svg xmlns=\"https:\/\/www.w3.org\/2000\/svg\" viewbox= \"0 0 448 512\"><path d=\"M400 288h-352c-17.69 0-32-14.32-32-32.01s14.31-31.99 32-31.99h352c17.69 0 32 14.3 32 31.99S417.7 288 400 288z\"><\/path><\/svg>\n\t\t\t\t\t\t\t<\/span>\n\t\t\t<span class=\"uagb-question\">Puis-je encore prendre de la poudre de collag\u00e8ne p\u00e9rim\u00e9e ?<\/span><\/div><div class=\"uagb-faq-content\"><p>Il est souvent s\u00fbr peu apr\u00e8s la date de p\u00e9remption s'il est stock\u00e9 correctement et ne pr\u00e9sente aucun signe de d\u00e9t\u00e9rioration, mais sa puissance peut diminuer. Il est pr\u00e9f\u00e9rable de jeter le collag\u00e8ne p\u00e9rim\u00e9 pour une efficacit\u00e9 optimale et pour \u00e9viter d'\u00e9ventuels probl\u00e8mes digestifs.<\/p><\/div><\/div><div class=\"wp-block-uagb-faq-child uagb-faq-child__outer-wrap uagb-faq-item uagb-block-960da05e\" role=\"tab\" tabindex=\"0\"><div class=\"uagb-faq-questions-button uagb-faq-questions\">\t\t\t<span class=\"uagb-icon uagb-faq-icon-wrap\">\n\t\t\t\t\t\t\t\t<svg xmlns=\"https:\/\/www.w3.org\/2000\/svg\" viewbox= \"0 0 448 512\"><path d=\"M432 256c0 17.69-14.33 32.01-32 32.01H256v144c0 17.69-14.33 31.99-32 31.99s-32-14.3-32-31.99v-144H48c-17.67 0-32-14.32-32-32.01s14.33-31.99 32-31.99H192v-144c0-17.69 14.33-32.01 32-32.01s32 14.32 32 32.01v144h144C417.7 224 432 238.3 432 256z\"><\/path><\/svg>\n\t\t\t\t\t\t\t<\/span>\n\t\t\t\t\t\t<span class=\"uagb-icon-active uagb-faq-icon-wrap\">\n\t\t\t\t\t\t\t\t<svg xmlns=\"https:\/\/www.w3.org\/2000\/svg\" viewbox= \"0 0 448 512\"><path d=\"M400 288h-352c-17.69 0-32-14.32-32-32.01s14.31-31.99 32-31.99h352c17.69 0 32 14.3 32 31.99S417.7 288 400 288z\"><\/path><\/svg>\n\t\t\t\t\t\t\t<\/span>\n\t\t\t<span class=\"uagb-question\">Comment savoir si le collag\u00e8ne s'est d\u00e9grad\u00e9 ?<\/span><\/div><div class=\"uagb-faq-content\"><p>V\u00e9rifiez qu'il n'y a pas d'agglutination (due \u00e0 l'humidit\u00e9), d'odeur d\u00e9sagr\u00e9able ou rance, de d\u00e9coloration, de go\u00fbt inhabituel ou de moisissure visible. Si l'un de ces \u00e9l\u00e9ments appara\u00eet, jetez-le.<\/p><\/div><\/div><div class=\"wp-block-uagb-faq-child uagb-faq-child__outer-wrap uagb-faq-item uagb-block-4e4ccc32\" role=\"tab\" tabindex=\"0\"><div class=\"uagb-faq-questions-button uagb-faq-questions\">\t\t\t<span class=\"uagb-icon uagb-faq-icon-wrap\">\n\t\t\t\t\t\t\t\t<svg xmlns=\"https:\/\/www.w3.org\/2000\/svg\" viewbox= \"0 0 448 512\"><path d=\"M432 256c0 17.69-14.33 32.01-32 32.01H256v144c0 17.69-14.33 31.99-32 31.99s-32-14.3-32-31.99v-144H48c-17.67 0-32-14.32-32-32.01s14.33-31.99 32-31.99H192v-144c0-17.69 14.33-32.01 32-32.01s32 14.32 32 32.01v144h144C417.7 224 432 238.3 432 256z\"><\/path><\/svg>\n\t\t\t\t\t\t\t<\/span>\n\t\t\t\t\t\t<span class=\"uagb-icon-active uagb-faq-icon-wrap\">\n\t\t\t\t\t\t\t\t<svg xmlns=\"https:\/\/www.w3.org\/2000\/svg\" viewbox= \"0 0 448 512\"><path d=\"M400 288h-352c-17.69 0-32-14.32-32-32.01s14.31-31.99 32-31.99h352c17.69 0 32 14.3 32 31.99S417.7 288 400 288z\"><\/path><\/svg>\n\t\t\t\t\t\t\t<\/span>\n\t\t\t<span class=\"uagb-question\">Les personnes atteintes d'Ehlers-Danlos doivent-elles prendre du collag\u00e8ne ?<\/span><\/div><div class=\"uagb-faq-content\"><p>Il n'existe pas de preuve scientifique solide que les suppl\u00e9ments de collag\u00e8ne aident le SDE, car la condition implique une production g\u00e9n\u00e9tiquement d\u00e9fectueuse de collag\u00e8ne plut\u00f4t qu'une carence. Les suppl\u00e9ments sont g\u00e9n\u00e9ralement sans danger, mais il est peu probable qu'ils r\u00e9parent ou remplacent le collag\u00e8ne d\u00e9fectueux. Consultez un m\u00e9decin.<\/p><\/div><\/div><div class=\"wp-block-uagb-faq-child uagb-faq-child__outer-wrap uagb-faq-item uagb-block-7f4a12cb\" role=\"tab\" tabindex=\"0\"><div class=\"uagb-faq-questions-button uagb-faq-questions\">\t\t\t<span class=\"uagb-icon uagb-faq-icon-wrap\">\n\t\t\t\t\t\t\t\t<svg xmlns=\"https:\/\/www.w3.org\/2000\/svg\" viewbox= \"0 0 448 512\"><path d=\"M432 256c0 17.69-14.33 32.01-32 32.01H256v144c0 17.69-14.33 31.99-32 31.99s-32-14.3-32-31.99v-144H48c-17.67 0-32-14.32-32-32.01s14.33-31.99 32-31.99H192v-144c0-17.69 14.33-32.01 32-32.01s32 14.32 32 32.01v144h144C417.7 224 432 238.3 432 256z\"><\/path><\/svg>\n\t\t\t\t\t\t\t<\/span>\n\t\t\t\t\t\t<span class=\"uagb-icon-active uagb-faq-icon-wrap\">\n\t\t\t\t\t\t\t\t<svg xmlns=\"https:\/\/www.w3.org\/2000\/svg\" viewbox= \"0 0 448 512\"><path d=\"M400 288h-352c-17.69 0-32-14.32-32-32.01s14.31-31.99 32-31.99h352c17.69 0 32 14.3 32 31.99S417.7 288 400 288z\"><\/path><\/svg>\n\t\t\t\t\t\t\t<\/span>\n\t\t\t<span class=\"uagb-question\">Quels sont les 5 signes indiquant que le collag\u00e8ne agit ?<\/span><\/div><div class=\"uagb-faq-content\"><p>R : Les signes les plus courants sont les suivants<br>1. Am\u00e9lioration de l'hydratation et de l'\u00e9lasticit\u00e9 de la peau.<br>2. R\u00e9duction des rides et ridules.<br>3. Des ongles plus forts et qui poussent plus vite.<br>4. Des cheveux plus \u00e9pais, plus brillants et moins cassants.<br>5. Moins de douleurs ou de raideurs articulaires (peut prendre de 4 \u00e0 12 semaines).<\/p><\/div><\/div><div class=\"wp-block-uagb-faq-child uagb-faq-child__outer-wrap uagb-faq-item uagb-block-29916273\" role=\"tab\" tabindex=\"0\"><div class=\"uagb-faq-questions-button uagb-faq-questions\">\t\t\t<span class=\"uagb-icon uagb-faq-icon-wrap\">\n\t\t\t\t\t\t\t\t<svg xmlns=\"https:\/\/www.w3.org\/2000\/svg\" viewbox= \"0 0 448 512\"><path d=\"M432 256c0 17.69-14.33 32.01-32 32.01H256v144c0 17.69-14.33 31.99-32 31.99s-32-14.3-32-31.99v-144H48c-17.67 0-32-14.32-32-32.01s14.33-31.99 32-31.99H192v-144c0-17.69 14.33-32.01 32-32.01s32 14.32 32 32.01v144h144C417.7 224 432 238.3 432 256z\"><\/path><\/svg>\n\t\t\t\t\t\t\t<\/span>\n\t\t\t\t\t\t<span class=\"uagb-icon-active uagb-faq-icon-wrap\">\n\t\t\t\t\t\t\t\t<svg xmlns=\"https:\/\/www.w3.org\/2000\/svg\" viewbox= \"0 0 448 512\"><path d=\"M400 288h-352c-17.69 0-32-14.32-32-32.01s14.31-31.99 32-31.99h352c17.69 0 32 14.3 32 31.99S417.7 288 400 288z\"><\/path><\/svg>\n\t\t\t\t\t\t\t<\/span>\n\t\t\t<span class=\"uagb-question\">Une prot\u00e9ine en poudre vieille de deux ans est-elle encore bonne ?<\/span><\/div><div class=\"uagb-faq-content\"><p>Il peut encore \u00eatre s\u00fbr s'il est stock\u00e9 dans un endroit frais et sec, sans agglutination, odeur d\u00e9sagr\u00e9able ou d\u00e9coloration, mais son efficacit\u00e9 peut diminuer avec le temps. Testez une petite quantit\u00e9 ; remplacez-la en cas de doute pour obtenir les meilleurs r\u00e9sultats.<\/p><\/div><\/div><div class=\"wp-block-uagb-faq-child uagb-faq-child__outer-wrap uagb-faq-item uagb-block-22657323\" role=\"tab\" tabindex=\"0\"><div class=\"uagb-faq-questions-button uagb-faq-questions\">\t\t\t<span class=\"uagb-icon uagb-faq-icon-wrap\">\n\t\t\t\t\t\t\t\t<svg xmlns=\"https:\/\/www.w3.org\/2000\/svg\" viewbox= \"0 0 448 512\"><path d=\"M432 256c0 17.69-14.33 32.01-32 32.01H256v144c0 17.69-14.33 31.99-32 31.99s-32-14.3-32-31.99v-144H48c-17.67 0-32-14.32-32-32.01s14.33-31.99 32-31.99H192v-144c0-17.69 14.33-32.01 32-32.01s32 14.32 32 32.01v144h144C417.7 224 432 238.3 432 256z\"><\/path><\/svg>\n\t\t\t\t\t\t\t<\/span>\n\t\t\t\t\t\t<span class=\"uagb-icon-active uagb-faq-icon-wrap\">\n\t\t\t\t\t\t\t\t<svg xmlns=\"https:\/\/www.w3.org\/2000\/svg\" viewbox= \"0 0 448 512\"><path d=\"M400 288h-352c-17.69 0-32-14.32-32-32.01s14.31-31.99 32-31.99h352c17.69 0 32 14.3 32 31.99S417.7 288 400 288z\"><\/path><\/svg>\n\t\t\t\t\t\t\t<\/span>\n\t\t\t<span class=\"uagb-question\">Quel est l'ennemi du collag\u00e8ne ?<\/span><\/div><div class=\"uagb-faq-content\"><p>Les principaux ennemis sont l'exc\u00e8s de sucre (qui provoque la glycation), l'exposition aux UV et au soleil, le tabagisme, le stress chronique (cortisol) et l'inflammation. Ces facteurs d\u00e9gradent le collag\u00e8ne ou entravent sa production.<\/p><\/div><\/div><div class=\"wp-block-uagb-faq-child uagb-faq-child__outer-wrap uagb-faq-item uagb-block-d76243cc\" role=\"tab\" tabindex=\"0\"><div class=\"uagb-faq-questions-button uagb-faq-questions\">\t\t\t<span class=\"uagb-icon uagb-faq-icon-wrap\">\n\t\t\t\t\t\t\t\t<svg xmlns=\"https:\/\/www.w3.org\/2000\/svg\" viewbox= \"0 0 448 512\"><path d=\"M432 256c0 17.69-14.33 32.01-32 32.01H256v144c0 17.69-14.33 31.99-32 31.99s-32-14.3-32-31.99v-144H48c-17.67 0-32-14.32-32-32.01s14.33-31.99 32-31.99H192v-144c0-17.69 14.33-32.01 32-32.01s32 14.32 32 32.01v144h144C417.7 224 432 238.3 432 256z\"><\/path><\/svg>\n\t\t\t\t\t\t\t<\/span>\n\t\t\t\t\t\t<span class=\"uagb-icon-active uagb-faq-icon-wrap\">\n\t\t\t\t\t\t\t\t<svg xmlns=\"https:\/\/www.w3.org\/2000\/svg\" viewbox= \"0 0 448 512\"><path d=\"M400 288h-352c-17.69 0-32-14.32-32-32.01s14.31-31.99 32-31.99h352c17.69 0 32 14.3 32 31.99S417.7 288 400 288z\"><\/path><\/svg>\n\t\t\t\t\t\t\t<\/span>\n\t\t\t<span class=\"uagb-question\">\u00c0 quoi ressemble une mauvaise poudre de collag\u00e8ne ?<\/span><\/div><div class=\"uagb-faq-content\"><p>Elle peut \u00eatre agglom\u00e9r\u00e9e, d\u00e9color\u00e9e (jaun\u00e2tre ou blanc cass\u00e9) ou pr\u00e9senter des moisissures visibles. Elle a souvent une odeur de rance ou un go\u00fbt amer. La poudre normale est fine, uniforme et d'odeur neutre.<\/p><\/div><\/div><div class=\"wp-block-uagb-faq-child uagb-faq-child__outer-wrap uagb-faq-item uagb-block-f13d0d9b\" role=\"tab\" tabindex=\"0\"><div class=\"uagb-faq-questions-button uagb-faq-questions\">\t\t\t<span class=\"uagb-icon uagb-faq-icon-wrap\">\n\t\t\t\t\t\t\t\t<svg xmlns=\"https:\/\/www.w3.org\/2000\/svg\" viewbox= \"0 0 448 512\"><path d=\"M432 256c0 17.69-14.33 32.01-32 32.01H256v144c0 17.69-14.33 31.99-32 31.99s-32-14.3-32-31.99v-144H48c-17.67 0-32-14.32-32-32.01s14.33-31.99 32-31.99H192v-144c0-17.69 14.33-32.01 32-32.01s32 14.32 32 32.01v144h144C417.7 224 432 238.3 432 256z\"><\/path><\/svg>\n\t\t\t\t\t\t\t<\/span>\n\t\t\t\t\t\t<span class=\"uagb-icon-active uagb-faq-icon-wrap\">\n\t\t\t\t\t\t\t\t<svg xmlns=\"https:\/\/www.w3.org\/2000\/svg\" viewbox= \"0 0 448 512\"><path d=\"M400 288h-352c-17.69 0-32-14.32-32-32.01s14.31-31.99 32-31.99h352c17.69 0 32 14.3 32 31.99S417.7 288 400 288z\"><\/path><\/svg>\n\t\t\t\t\t\t\t<\/span>\n\t\t\t<span class=\"uagb-question\">Quelle est la dur\u00e9e de conservation du collag\u00e8ne ?<\/span><\/div><div class=\"uagb-faq-content\"><p>Non ouvert : g\u00e9n\u00e9ralement 1 \u00e0 2 ans (parfois jusqu'\u00e0 4 \u00e0 5 ans s'il est bien scell\u00e9). Une fois ouvert : \u00e0 utiliser dans les 1 \u00e0 2 ans. Conserver dans un endroit frais et sec, \u00e0 l'abri de la chaleur et de l'humidit\u00e9, pour une dur\u00e9e de conservation optimale.<\/p><\/div><\/div><\/div>\n\n\n<h2 class=\"wp-block-heading\"><span class=\"ez-toc-section\" id=\"Conclusion\"><\/span>Conclusion<span class=\"ez-toc-section-end\"><\/span><\/h2>\n\n\n\n<p>La poudre de collag\u00e8ne se p\u00e9rime-t-elle ? Bien qu'il s'agisse de l'un des suppl\u00e9ments les plus r\u00e9sistants de votre garde-manger, il n'est pas immortel. La plupart du collag\u00e8ne reste s\u00fbr et efficace pendant 2 \u00e0 5 ans, \u00e0 condition d'\u00eatre prot\u00e9g\u00e9 de ses trois principaux ennemis : l'humidit\u00e9, la chaleur et la lumi\u00e8re.<\/p>\n\n\n\n<p>N'oubliez pas qu'une date de p\u00e9remption est souvent plus une question de puissance que de danger imm\u00e9diat. Une fois cette date pass\u00e9e, les peptides bioactifs peuvent ne plus fournir les r\u00e9sultats \u201c\u00e9clatants\u201d que vous attendez pour votre peau, vos cheveux et vos articulations. En suivant le test \u201cLook, Smell, and Touch\u201d et en maintenant une routine de stockage stricte \u201cCool, Dry, Dark\u201d, vous pouvez vous assurer que chaque dose est aussi puissante que la premi\u00e8re.<\/p>\n\n\n\n<p><strong>Besoin de v\u00e9rifier vos r\u00e9serves ?<\/strong><\/p>\n\n\n\n<ul class=\"wp-block-list\">\n<li><strong>V\u00e9rifier la date :<\/strong> Recherchez le tampon \u201cBest-By\u201d.<\/li>\n\n\n\n<li><strong>V\u00e9rifier le joint :<\/strong> S'assurer qu'il est herm\u00e9tiquement ferm\u00e9.<\/li>\n\n\n\n<li><strong>V\u00e9rifier la poudre :<\/strong> S'il y a des grumeaux ou une odeur d\u00e9sagr\u00e9able, il est temps de repartir \u00e0 z\u00e9ro.<\/li>\n<\/ul>\n\n\n\n<p>La qualit\u00e9 commence \u00e0 la source. Que vous choisissiez une marque pour sa puret\u00e9, sa durabilit\u00e9 ou ses performances, assurez-vous qu'elle privil\u00e9gie les mati\u00e8res premi\u00e8res de collag\u00e8ne de haute qualit\u00e9.<\/p>\n\n\n\n<p>Au <strong>Gensei<\/strong>, Nous sommes fiers d'\u00eatre le fondement de cette qualit\u00e9. En tant que leader mondial de la fabrication de collag\u00e8ne, notre traitement avanc\u00e9 et notre approvisionnement durable en mati\u00e8res premi\u00e8res d'origine bovine, piscicole et avicole permettent aux plus grandes marques du monde de se d\u00e9velopper. En fournissant du collag\u00e8ne bioactif de haute puret\u00e9 aux secteurs de la nutrition et de la beaut\u00e9, Gensei s'assure que votre voyage vers une meilleure sant\u00e9 est soutenu par la science la plus fine et les normes de qualit\u00e9 les plus rigoureuses de l'industrie.<\/p>\n\n\n\n<div id=\"gensei-cta-container\">\n    <style>\n        #gensei-cta-container {\n            margin: 50px 0;\n            padding: 50px 40px;\n            background-color: #1a1a1a;\n            border-radius: 12px;\n            text-align: center;\n            font-family: 'Segoe UI', Roboto, Helvetica, Arial, sans-serif;\n            box-shadow: 0 20px 40px rgba(0,0,0,0.15);\n            position: relative;\n            overflow: hidden;\n        }\n\n        \/* Subtle background accent *\/\n        #gensei-cta-container::before {\n            content: \"\";\n            position: absolute;\n            top: -50%;\n            left: -10%;\n            width: 120%;\n            height: 200%;\n            background: radial-gradient(circle, rgba(195, 164, 120, 0.05) 0%, rgba(26, 26, 26, 0) 70%);\n            pointer-events: none;\n        }\n\n        #gensei-cta-container .cta-heading {\n            font-size: 20pt;\n            color: #ffffff;\n            font-weight: 600;\n            margin-bottom: 15px;\n            letter-spacing: -0.5px;\n            position: relative;\n        }\n\n        #gensei-cta-container .cta-subtext {\n            font-size: 11.5pt;\n            color: #b2bec3;\n            max-width: 600px;\n            margin: 0 auto 30px auto;\n            line-height: 1.6;\n            position: relative;\n        }\n\n        #gensei-cta-container .cta-button {\n            display: inline-block;\n            padding: 16px 40px;\n            background-color: #c3a478; \/* Muted Gold *\/\n            color: #1a1a1a;\n            font-size: 11pt;\n            font-weight: 700;\n            text-decoration: none;\n            text-transform: uppercase;\n            letter-spacing: 1.5px;\n            border-radius: 4px;\n            transition: all 0.3s ease;\n            position: relative;\n            box-shadow: 0 4px 15px rgba(195, 164, 120, 0.3);\n        }\n\n        #gensei-cta-container .cta-button:hover {\n            background-color: #d4b88d;\n            transform: translateY(-2px);\n            box-shadow: 0 6px 20px rgba(195, 164, 120, 0.4);\n        }\n\n        #gensei-cta-container .cta-footer {\n            margin-top: 25px;\n            font-size: 9pt;\n            color: #636e72;\n            text-transform: uppercase;\n            letter-spacing: 1px;\n        }\n    <\/style>\n\n    <div class=\"cta-heading\">Pr\u00eat \u00e0 am\u00e9liorer votre formulation ?<\/div>\n    <p class=\"cta-subtext\">\n        De l'approvisionnement en mati\u00e8res premi\u00e8res de qualit\u00e9 sup\u00e9rieure aux tests de stabilit\u00e9 avanc\u00e9s, faites \u00e9quipe avec des experts qui comprennent la science de la dur\u00e9e de conservation.\n    <\/p>\n    \n    <a href=\"https:\/\/collagensei.com\/fr\/nous-contacter\/\" \n       class=\"cta-button\" \n       target=\"_blank\" \n       rel=\"noopener noreferrer\">\n       Consulter nos sp\u00e9cialistes\n    <\/a>\n\n    <div class=\"cta-footer\">Gensei - La qualit\u00e9 sans compromis<\/div>\n<\/div>\n\n\n\n<h2 class=\"wp-block-heading\"><span class=\"ez-toc-section\" id=\"references\"><\/span>les r\u00e9f\u00e9rences<span class=\"ez-toc-section-end\"><\/span><\/h2>\n\n\n\n<ol class=\"wp-block-list\">\n<li><strong>FDA : Directives sur les compl\u00e9ments alimentaires<\/strong> <a href=\"https:\/\/www.fda.gov\/food\/dietary-supplements\" target=\"_blank\" rel=\"noreferrer noopener nofollow\">https:\/\/www.fda.gov\/food\/dietary-supplements<\/a><\/li>\n\n\n\n<li><strong>EFSA : S\u00e9curit\u00e9 des peptides de collag\u00e8ne<\/strong> <a href=\"https:\/\/www.efsa.europa.eu\/en\/topics\/topic\/food-supplements\" target=\"_blank\" rel=\"noreferrer noopener nofollow\">https:\/\/www.efsa.europa.eu\/en\/topics\/topic\/food-supplements<\/a><\/li>\n\n\n\n<li><strong>Instituts nationaux de la sant\u00e9 (NIH) : Recherche sur le collag\u00e8ne<\/strong> <a href=\"https:\/\/ods.od.nih.gov\/factsheets\/list-all\/\" target=\"_blank\" rel=\"noreferrer noopener nofollow\">https:\/\/ods.od.nih.gov\/factsheets\/list-all\/<\/a><\/li>\n\n\n\n<li><strong>USDA : Service de s\u00e9curit\u00e9 et d'inspection des aliments (stabilit\u00e9 des produits en rayon)<\/strong> <a href=\"https:\/\/www.fsis.usda.gov\/food-safety\/safe-food-handling-and-preparation\/food-safety-basics\/shelf-stable-food\" target=\"_blank\" rel=\"noreferrer noopener nofollow\">https:\/\/www.fsis.usda.gov\/food-safety\/safe-food-handling-and-preparation\/food-safety-basics\/shelf-stable-food<\/a><\/li>\n\n\n\n<li><strong>ISO : Gestion de la s\u00e9curit\u00e9 alimentaire (ISO 22000)<\/strong> <a href=\"https:\/\/www.iso.org\/iso-22000-food-safety-management.html\" target=\"_blank\" rel=\"noreferrer noopener nofollow\">https:\/\/www.iso.org\/iso-22000-food-safety-management.html<\/a><\/li>\n\n\n\n<li><strong>Organisation mondiale de la propri\u00e9t\u00e9 intellectuelle (OMPI) : Brevets d'extraction de collag\u00e8ne<\/strong> <a href=\"https:\/\/www.wipo.int\/patents\/en\/\" target=\"_blank\" rel=\"noreferrer noopener nofollow\">https:\/\/www.wipo.int\/patents\/en\/<\/a><\/li>\n<\/ol>","protected":false},"excerpt":{"rendered":"<p>It happens to the best of us: you\u2019re organizing your pantry and rediscover a forgotten tub of collagen peptides tucked [&hellip;]<\/p>\n","protected":false},"author":4,"featured_media":18525,"comment_status":"closed","ping_status":"open","sticky":false,"template":"","format":"standard","meta":{"_uag_custom_page_level_css":"","site-sidebar-layout":"default","site-content-layout":"","ast-site-content-layout":"default","site-content-style":"default","site-sidebar-style":"default","ast-global-header-display":"","ast-banner-title-visibility":"","ast-main-header-display":"","ast-hfb-above-header-display":"","ast-hfb-below-header-display":"","ast-hfb-mobile-header-display":"","site-post-title":"","ast-breadcrumbs-content":"","ast-featured-img":"","footer-sml-layout":"","ast-disable-related-posts":"","theme-transparent-header-meta":"","adv-header-id-meta":"","stick-header-meta":"","header-above-stick-meta":"","header-main-stick-meta":"","header-below-stick-meta":"","astra-migrate-meta-layouts":"default","ast-page-background-enabled":"default","ast-page-background-meta":{"desktop":{"background-color":"var(--ast-global-color-5)","background-image":"","background-repeat":"repeat","background-position":"center center","background-size":"auto","background-attachment":"scroll","background-type":"","background-media":"","overlay-type":"","overlay-color":"","overlay-opacity":"","overlay-gradient":""},"tablet":{"background-color":"","background-image":"","background-repeat":"repeat","background-position":"center center","background-size":"auto","background-attachment":"scroll","background-type":"","background-media":"","overlay-type":"","overlay-color":"","overlay-opacity":"","overlay-gradient":""},"mobile":{"background-color":"","background-image":"","background-repeat":"repeat","background-position":"center center","background-size":"auto","background-attachment":"scroll","background-type":"","background-media":"","overlay-type":"","overlay-color":"","overlay-opacity":"","overlay-gradient":""}},"ast-content-background-meta":{"desktop":{"background-color":"var(--ast-global-color-4)","background-image":"","background-repeat":"repeat","background-position":"center center","background-size":"auto","background-attachment":"scroll","background-type":"","background-media":"","overlay-type":"","overlay-color":"","overlay-opacity":"","overlay-gradient":""},"tablet":{"background-color":"var(--ast-global-color-4)","background-image":"","background-repeat":"repeat","background-position":"center center","background-size":"auto","background-attachment":"scroll","background-type":"","background-media":"","overlay-type":"","overlay-color":"","overlay-opacity":"","overlay-gradient":""},"mobile":{"background-color":"var(--ast-global-color-4)","background-image":"","background-repeat":"repeat","background-position":"center center","background-size":"auto","background-attachment":"scroll","background-type":"","background-media":"","overlay-type":"","overlay-color":"","overlay-opacity":"","overlay-gradient":""}},"footnotes":""},"categories":[594],"tags":[592,170,523],"class_list":["post-18524","post","type-post","status-publish","format-standard","has-post-thumbnail","hentry","category-collagen-powder","tag-collagen-manufacturer","tag-collagen-peptides","tag-collagen-supplements-gummies"],"uagb_featured_image_src":{"full":["https:\/\/collagensei.com\/wp-content\/uploads\/2026\/04\/does-collagen-powder-expire_.webp",1000,562,false],"thumbnail":["https:\/\/collagensei.com\/wp-content\/uploads\/2026\/04\/does-collagen-powder-expire_-150x150.webp",150,150,true],"medium":["https:\/\/collagensei.com\/wp-content\/uploads\/2026\/04\/does-collagen-powder-expire_-300x169.webp",300,169,true],"medium_large":["https:\/\/collagensei.com\/wp-content\/uploads\/2026\/04\/does-collagen-powder-expire_-768x432.webp",768,432,true],"large":["https:\/\/collagensei.com\/wp-content\/uploads\/2026\/04\/does-collagen-powder-expire_.webp",1000,562,false],"1536x1536":["https:\/\/collagensei.com\/wp-content\/uploads\/2026\/04\/does-collagen-powder-expire_.webp",1000,562,false],"2048x2048":["https:\/\/collagensei.com\/wp-content\/uploads\/2026\/04\/does-collagen-powder-expire_.webp",1000,562,false],"trp-custom-language-flag":["https:\/\/collagensei.com\/wp-content\/uploads\/2026\/04\/does-collagen-powder-expire_-18x10.webp",18,10,true]},"uagb_author_info":{"display_name":"w.wenyang","author_link":"https:\/\/collagensei.com\/fr\/author\/w-wenyang\/"},"uagb_comment_info":0,"uagb_excerpt":"It happens to the best of us: you\u2019re organizing your pantry and rediscover a forgotten tub of collagen peptides tucked [&hellip;]","_links":{"self":[{"href":"https:\/\/collagensei.com\/fr\/wp-json\/wp\/v2\/posts\/18524","targetHints":{"allow":["GET"]}}],"collection":[{"href":"https:\/\/collagensei.com\/fr\/wp-json\/wp\/v2\/posts"}],"about":[{"href":"https:\/\/collagensei.com\/fr\/wp-json\/wp\/v2\/types\/post"}],"author":[{"embeddable":true,"href":"https:\/\/collagensei.com\/fr\/wp-json\/wp\/v2\/users\/4"}],"replies":[{"embeddable":true,"href":"https:\/\/collagensei.com\/fr\/wp-json\/wp\/v2\/comments?post=18524"}],"version-history":[{"count":28,"href":"https:\/\/collagensei.com\/fr\/wp-json\/wp\/v2\/posts\/18524\/revisions"}],"predecessor-version":[{"id":18783,"href":"https:\/\/collagensei.com\/fr\/wp-json\/wp\/v2\/posts\/18524\/revisions\/18783"}],"wp:featuredmedia":[{"embeddable":true,"href":"https:\/\/collagensei.com\/fr\/wp-json\/wp\/v2\/media\/18525"}],"wp:attachment":[{"href":"https:\/\/collagensei.com\/fr\/wp-json\/wp\/v2\/media?parent=18524"}],"wp:term":[{"taxonomy":"category","embeddable":true,"href":"https:\/\/collagensei.com\/fr\/wp-json\/wp\/v2\/categories?post=18524"},{"taxonomy":"post_tag","embeddable":true,"href":"https:\/\/collagensei.com\/fr\/wp-json\/wp\/v2\/tags?post=18524"}],"curies":[{"name":"wp","href":"https:\/\/api.w.org\/{rel}","templated":true}]}}