{"id":4764,"date":"2025-03-13T20:23:29","date_gmt":"2025-03-13T12:23:29","guid":{"rendered":"https:\/\/collagensei.com\/?p=4764"},"modified":"2025-07-18T13:40:00","modified_gmt":"2025-07-18T05:40:00","slug":"queratina-hidrolisada-vs-proteina-de-trigo-hidrolisada","status":"publish","type":"post","link":"https:\/\/collagensei.com\/pt\/hydrolyzed-keratin-vs-hydrolyzed-wheat-protein\/","title":{"rendered":"Queratina Hidrolisada vs Prote\u00edna Hidrolisada do Trigo: O seu guia completo para fazer a escolha certa"},"content":{"rendered":"<p>Lembra-se daquele momento em que se encontrava no corredor dos produtos para o cabelo, completamente sobrecarregada com as op\u00e7\u00f5es de tratamento com prote\u00ednas? Eu tamb\u00e9m j\u00e1 passei por isso! Ainda no m\u00eas passado, dei por mim a olhar para os r\u00f3tulos dos ingredientes, perguntando-me se a queratina hidrolisada ou a prote\u00edna de trigo hidrolisada me dariam finalmente aquelas madeixas saud\u00e1veis e saltitantes com que tinha sonhado. Se est\u00e1 a acenar com a cabe\u00e7a, n\u00e3o est\u00e1 sozinha neste quebra-cabe\u00e7as das prote\u00ednas! Vamos mergulhar juntos neste fascinante mundo das prote\u00ednas, sim? Quer seja um entusiasta da beleza, um consumidor preocupado com a sa\u00fade ou algu\u00e9m que est\u00e1 a explorar <strong><em><a href=\"https:\/\/collagensei.com\/pt\/product\/\">Ingredientes de suplementos alimentares<\/a><\/em><\/strong> e <strong><em><a href=\"https:\/\/collagensei.com\/pt\/suplementos-alimentares-oem\/\">Solu\u00e7\u00f5es OEM<\/a><\/em><\/strong>Se compreender estes dois ingredientes poderosos, pode transformar verdadeiramente a sua abordagem aos cuidados e \u00e0 nutri\u00e7\u00e3o do cabelo.<\/p><div id=\"ez-toc-container\" class=\"ez-toc-v2_0_82_1 ez-toc-wrap-left counter-hierarchy ez-toc-counter ez-toc-grey ez-toc-container-direction\">\n<div class=\"ez-toc-title-container\">\n<p class=\"ez-toc-title ez-toc-toggle\" style=\"cursor:pointer\">\u00cdndice<\/p>\n<span class=\"ez-toc-title-toggle\"><a href=\"#\" class=\"ez-toc-pull-right ez-toc-btn ez-toc-btn-xs ez-toc-btn-default ez-toc-toggle\" aria-label=\"Alternar o \u00edndice\"><span class=\"ez-toc-js-icon-con\"><span class=\"\"><span class=\"eztoc-hide\" style=\"display:none;\">Alternar<\/span><span class=\"ez-toc-icon-toggle-span\"><svg style=\"fill: #999;color:#999\" xmlns=\"http:\/\/www.w3.org\/2000\/svg\" class=\"list-377408\" width=\"20px\" height=\"20px\" viewbox=\"0 0 24 24\" fill=\"none\"><path d=\"M6 6H4v2h2V6zm14 0H8v2h12V6zM4 11h2v2H4v-2zm16 0H8v2h12v-2zM4 16h2v2H4v-2zm16 0H8v2h12v-2z\" fill=\"currentColor\"><\/path><\/svg><svg style=\"fill: #999;color:#999\" class=\"arrow-unsorted-368013\" xmlns=\"http:\/\/www.w3.org\/2000\/svg\" width=\"10px\" height=\"10px\" viewbox=\"0 0 24 24\" version=\"1.2\" baseprofile=\"tiny\"><path d=\"M18.2 9.3l-6.2-6.3-6.2 6.3c-.2.2-.3.4-.3.7s.1.5.3.7c.2.2.4.3.7.3h11c.3 0 .5-.1.7-.3.2-.2.3-.5.3-.7s-.1-.5-.3-.7zM5.8 14.7l6.2 6.3 6.2-6.3c.2-.2.3-.5.3-.7s-.1-.5-.3-.7c-.2-.2-.4-.3-.7-.3h-11c-.3 0-.5.1-.7.3-.2.2-.3.5-.3.7s.1.5.3.7z\"\/><\/svg><\/span><\/span><\/span><\/a><\/span><\/div>\n<nav><ul class='ez-toc-list ez-toc-list-level-1' ><li class='ez-toc-page-1 ez-toc-heading-level-2'><a class=\"ez-toc-link ez-toc-heading-1\" href=\"https:\/\/collagensei.com\/pt\/hydrolyzed-keratin-vs-hydrolyzed-wheat-protein\/#What_is_Hydrolyzed_Keratin_The_Hairs_Natural_Building_Block\" >O que \u00e9 a Queratina Hidrolisada? O bloco de constru\u00e7\u00e3o natural do cabelo<\/a><\/li><li class='ez-toc-page-1 ez-toc-heading-level-2'><a class=\"ez-toc-link ez-toc-heading-2\" href=\"https:\/\/collagensei.com\/pt\/hydrolyzed-keratin-vs-hydrolyzed-wheat-protein\/#Understanding_Hydrolyzed_Wheat_Protein_The_Plant-Based_Alternative\" >Compreender a Prote\u00edna Hidrolisada do Trigo: A alternativa \u00e0 base de plantas<\/a><\/li><li class='ez-toc-page-1 ez-toc-heading-level-2'><a class=\"ez-toc-link ez-toc-heading-3\" href=\"https:\/\/collagensei.com\/pt\/hydrolyzed-keratin-vs-hydrolyzed-wheat-protein\/#Benefits_and_Applications_Where_Each_Protein_Shines\" >Benef\u00edcios e aplica\u00e7\u00f5es: Onde cada prote\u00edna se destaca<\/a><\/li><li class='ez-toc-page-1 ez-toc-heading-level-2'><a class=\"ez-toc-link ez-toc-heading-4\" href=\"https:\/\/collagensei.com\/pt\/hydrolyzed-keratin-vs-hydrolyzed-wheat-protein\/#Potential_Side_Effects_and_Considerations_The_Not-So-Fun_Part\" >Potenciais efeitos secund\u00e1rios e considera\u00e7\u00f5es: A parte n\u00e3o t\u00e3o divertida<\/a><\/li><li class='ez-toc-page-1 ez-toc-heading-level-2'><a class=\"ez-toc-link ez-toc-heading-5\" href=\"https:\/\/collagensei.com\/pt\/hydrolyzed-keratin-vs-hydrolyzed-wheat-protein\/#How_to_Choose_the_Right_Protein_for_Your_Needs\" >Como escolher a prote\u00edna certa para as suas necessidades<\/a><\/li><li class='ez-toc-page-1 ez-toc-heading-level-2'><a class=\"ez-toc-link ez-toc-heading-6\" href=\"https:\/\/collagensei.com\/pt\/hydrolyzed-keratin-vs-hydrolyzed-wheat-protein\/#Industry_Applications_and_Future_Trends\" >Aplica\u00e7\u00f5es do sector e tend\u00eancias futuras<\/a><\/li><li class='ez-toc-page-1 ez-toc-heading-level-2'><a class=\"ez-toc-link ez-toc-heading-7\" href=\"https:\/\/collagensei.com\/pt\/hydrolyzed-keratin-vs-hydrolyzed-wheat-protein\/#Making_Your_Final_Decision\" >Tomar a sua decis\u00e3o final<\/a><\/li><li class='ez-toc-page-1 ez-toc-heading-level-2'><a class=\"ez-toc-link ez-toc-heading-8\" href=\"https:\/\/collagensei.com\/pt\/hydrolyzed-keratin-vs-hydrolyzed-wheat-protein\/#Hydrolyzed_Keratin_vs_Hydrolyzed_Wheat_Protein_table\" >Queratina hidrolisada vs Prote\u00edna de trigo hidrolisada<\/a><\/li><li class='ez-toc-page-1 ez-toc-heading-level-2'><a class=\"ez-toc-link ez-toc-heading-9\" href=\"https:\/\/collagensei.com\/pt\/hydrolyzed-keratin-vs-hydrolyzed-wheat-protein\/#FAQs\" >FAQs<\/a><ul class='ez-toc-list-level-3' ><li class='ez-toc-heading-level-3'><a class=\"ez-toc-link ez-toc-heading-10\" href=\"https:\/\/collagensei.com\/pt\/hydrolyzed-keratin-vs-hydrolyzed-wheat-protein\/#How_often_should_I_use_keratin-based_products\" >Com que frequ\u00eancia devo utilizar produtos \u00e0 base de queratina?<\/a><\/li><li class='ez-toc-page-1 ez-toc-heading-level-3'><a class=\"ez-toc-link ez-toc-heading-11\" href=\"https:\/\/collagensei.com\/pt\/hydrolyzed-keratin-vs-hydrolyzed-wheat-protein\/#What_is_the_difference_between_hydrolyzed_keratin_and_hydrolyzed_protein\" >Qual \u00e9 a diferen\u00e7a entre queratina hidrolisada e prote\u00edna hidrolisada?<\/a><\/li><li class='ez-toc-page-1 ez-toc-heading-level-3'><a class=\"ez-toc-link ez-toc-heading-12\" href=\"https:\/\/collagensei.com\/pt\/hydrolyzed-keratin-vs-hydrolyzed-wheat-protein\/#What_is_another_name_for_hydrolyzed_wheat_protein\" >Qual \u00e9 o outro nome para a prote\u00edna de trigo hidrolisada?<\/a><\/li><li class='ez-toc-page-1 ez-toc-heading-level-3'><a class=\"ez-toc-link ez-toc-heading-13\" href=\"https:\/\/collagensei.com\/pt\/hydrolyzed-keratin-vs-hydrolyzed-wheat-protein\/#Is_keratin_or_protein_better_for_your_hair\" >A queratina ou a prote\u00edna \u00e9 melhor para o seu cabelo?<\/a><\/li><li class='ez-toc-page-1 ez-toc-heading-level-3'><a class=\"ez-toc-link ez-toc-heading-14\" href=\"https:\/\/collagensei.com\/pt\/hydrolyzed-keratin-vs-hydrolyzed-wheat-protein\/#What_is_an_alternative_to_hydrolyzed_keratin\" >O que \u00e9 uma alternativa \u00e0 queratina hidrolisada?<\/a><\/li><li class='ez-toc-page-1 ez-toc-heading-level-3'><a class=\"ez-toc-link ez-toc-heading-15\" href=\"https:\/\/collagensei.com\/pt\/hydrolyzed-keratin-vs-hydrolyzed-wheat-protein\/#How_to_use_hydrolyzed_keratin_on_hair\" >Como utilizar a queratina hidrolisada no cabelo?<\/a><\/li><li class='ez-toc-page-1 ez-toc-heading-level-3'><a class=\"ez-toc-link ez-toc-heading-16\" href=\"https:\/\/collagensei.com\/pt\/hydrolyzed-keratin-vs-hydrolyzed-wheat-protein\/#How_do_we_produce_hydrolyzed_keratin\" >Como \u00e9 que produzimos queratina hidrolisada?<\/a><\/li><li class='ez-toc-page-1 ez-toc-heading-level-3'><a class=\"ez-toc-link ez-toc-heading-17\" href=\"https:\/\/collagensei.com\/pt\/hydrolyzed-keratin-vs-hydrolyzed-wheat-protein\/#Are_these_proteins_effective_for_curly_hair\" >Estas prote\u00ednas s\u00e3o eficazes para os cabelos encaracolados?<\/a><\/li><li class='ez-toc-page-1 ez-toc-heading-level-3'><a class=\"ez-toc-link ez-toc-heading-18\" href=\"https:\/\/collagensei.com\/pt\/hydrolyzed-keratin-vs-hydrolyzed-wheat-protein\/#Can_I_combine_wheat_protein_and_keratin_products\" >Posso combinar produtos \u00e0 base de prote\u00ednas de trigo e queratina?<\/a><\/li><li class='ez-toc-page-1 ez-toc-heading-level-3'><a class=\"ez-toc-link ez-toc-heading-19\" href=\"https:\/\/collagensei.com\/pt\/hydrolyzed-keratin-vs-hydrolyzed-wheat-protein\/#Can_these_proteins_repair_split_ends\" >Estas prote\u00ednas podem reparar as pontas espigadas?<\/a><\/li><\/ul><\/li><li class='ez-toc-page-1 ez-toc-heading-level-2'><a class=\"ez-toc-link ez-toc-heading-20\" href=\"https:\/\/collagensei.com\/pt\/hydrolyzed-keratin-vs-hydrolyzed-wheat-protein\/#References\" >Refer\u00eancias<\/a><\/li><\/ul><\/nav><\/div>\n\n\n\n\n<figure class=\"wp-block-image size-full\"><img fetchpriority=\"high\" decoding=\"async\" width=\"1920\" height=\"689\" src=\"https:\/\/collagensei.com\/wp-content\/uploads\/2025\/03\/Hydrolyzed-Keratin-vs-Hydrolyzed-Wheat-Protein1.png\" alt=\"Queratina Hidrolisada vs Prote\u00edna Hidrolisada do Trigo\" class=\"wp-image-8075\" srcset=\"https:\/\/collagensei.com\/wp-content\/uploads\/2025\/03\/Hydrolyzed-Keratin-vs-Hydrolyzed-Wheat-Protein1.png 1920w, https:\/\/collagensei.com\/wp-content\/uploads\/2025\/03\/Hydrolyzed-Keratin-vs-Hydrolyzed-Wheat-Protein1-300x108.png 300w, https:\/\/collagensei.com\/wp-content\/uploads\/2025\/03\/Hydrolyzed-Keratin-vs-Hydrolyzed-Wheat-Protein1-1024x367.png 1024w, https:\/\/collagensei.com\/wp-content\/uploads\/2025\/03\/Hydrolyzed-Keratin-vs-Hydrolyzed-Wheat-Protein1-768x276.png 768w, https:\/\/collagensei.com\/wp-content\/uploads\/2025\/03\/Hydrolyzed-Keratin-vs-Hydrolyzed-Wheat-Protein1-1536x551.png 1536w\" sizes=\"(max-width: 1920px) 100vw, 1920px\" \/><\/figure>\n\n\n\n<p>Se n\u00e3o quiser percorrer muito conte\u00fado, tamb\u00e9m pode ir diretamente para a tabela Queratina hidrolisada vs Prote\u00edna de trigo hidrolisada para lhe dar uma compara\u00e7\u00e3o clara <a href=\"#Hydrolyzed-Keratin-vs-Hydrolyzed-Wheat-Protein-table\">Queratina hidrolisada vs Prote\u00edna de trigo hidrolisada<\/a><\/p>\n\n\n\n<h2 class=\"wp-block-heading\"><span class=\"ez-toc-section\" id=\"What_is_Hydrolyzed_Keratin_The_Hairs_Natural_Building_Block\"><\/span>O que \u00e9 a Queratina Hidrolisada? O bloco de constru\u00e7\u00e3o natural do cabelo<span class=\"ez-toc-section-end\"><\/span><\/h2>\n\n\n\n<p>Imagine o seu cabelo como uma magn\u00edfica corda feita de pequenos fios de prote\u00edna - \u00e9 essencialmente isso que a queratina \u00e9! <strong><em><a href=\"https:\/\/collagensei.com\/pt\/fabricante-de-nutricao-desportiva-2\/queratina-hidrolisada\/\">Queratina hidrolisada<\/a><\/em><\/strong> \u00e9 como pegar nessa corda e dividi-la em peda\u00e7os mais pequenos e mais manej\u00e1veis que o seu cabelo pode realmente absorver. Muito inteligente, n\u00e3o \u00e9?<\/p>\n\n\n\n<p>Este ingrediente not\u00e1vel prov\u00e9m de fontes naturais como a l\u00e3, as penas e at\u00e9 o cabelo humano (mas n\u00e3o se preocupe, os produtos comerciais prov\u00eam normalmente da l\u00e3 de ovelha!) Atrav\u00e9s de um processo chamado hidr\u00f3lise, os fabricantes quebram essas grandes mol\u00e9culas de queratina usando \u00e1gua e enzimas espec\u00edficas. De acordo com um estudo publicado no International Journal of Cosmetic Science (2018), este processo cria fragmentos de prote\u00edna que variam tipicamente entre 1000 e 10 000 daltons - suficientemente pequenos para penetrar eficazmente no fio de cabelo.<\/p>\n\n\n\n<p>O que faz com que a <a class=\"wpil_keyword_link\" href=\"https:\/\/collagensei.com\/pt\/proteina-de-queratina-em-po\/\" target=\"_blank\"  rel=\"noopener\" title=\"Prote\u00edna de queratina em p\u00f3\" data-wpil-keyword-link=\"linked\"  data-wpil-monitor-id=\"1950\">prote\u00edna de queratina<\/a> t\u00e3o especial? Bem, \u00e9 como dar ao seu cabelo uma dose do seu pr\u00f3prio medicamento! Uma vez que o nosso cabelo \u00e9 composto por cerca de 90% de queratina, adicionar mais queratina faz todo o sentido. \u00c9 como remendar uma camisola de l\u00e3 com mais l\u00e3 - os materiais combinam perfeitamente!<\/p>\n\n\n\n<h2 class=\"wp-block-heading\"><span class=\"ez-toc-section\" id=\"Understanding_Hydrolyzed_Wheat_Protein_The_Plant-Based_Alternative\"><\/span>Compreender a Prote\u00edna Hidrolisada do Trigo: A alternativa \u00e0 base de plantas<span class=\"ez-toc-section-end\"><\/span><\/h2>\n\n\n\n<p>Agora, vamos falar sobre o gigante gentil do mundo das prote\u00ednas - a prote\u00edna de trigo hidrolisada! Se a queratina \u00e9 o tipo duro, a prote\u00edna de trigo \u00e9 o amigo de fala mansa que faz o trabalho igualmente bem, mas com uma abordagem diferente.<\/p>\n\n\n\n<p>Derivada do germe de trigo, esta alternativa vegana de queratina hidrolisada passa por um processo de decomposi\u00e7\u00e3o semelhante. O Journal of Applied Polymer Science (2019) relata que a prote\u00edna de trigo hidrolisada normalmente tem um peso molecular entre 1.000 e 3.000 daltons, tornando-a ainda menor do que os fragmentos de queratina. Pense nisso como a diferen\u00e7a entre tentar enfiar uma corda grossa versus uma corda fina atrav\u00e9s de uma agulha - o tamanho menor pode \u00e0s vezes significar uma melhor penetra\u00e7\u00e3o!<\/p>\n\n\n\n<p>O que eu acho absolutamente fascinante \u00e9 como esta prote\u00edna \u00e0 base de plantas consegue imitar muitos dos benef\u00edcios da queratina sem qualquer envolvimento animal. Para os nossos amigos veganos, isto \u00e9 como encontrar uma arca do tesouro de bondade para o cabelo!<\/p>\n\n\n\n<h2 class=\"wp-block-heading\"><span class=\"ez-toc-section\" id=\"Benefits_and_Applications_Where_Each_Protein_Shines\"><\/span>Benef\u00edcios e aplica\u00e7\u00f5es: Onde cada prote\u00edna se destaca<span class=\"ez-toc-section-end\"><\/span><\/h2>\n\n\n\n<p>Oh, por onde hei-de come\u00e7ar com os benef\u00edcios? Ambas as prote\u00ednas s\u00e3o como super-her\u00f3is por direito pr\u00f3prio, cada uma com superpoderes \u00fanicos!<\/p>\n\n\n\n<p>A queratina hidrolisada faz a sua magia preenchendo literalmente as lacunas do cabelo danificado. Um estudo publicado no Journal of Cosmetic Dermatology (2021) concluiu que a utiliza\u00e7\u00e3o regular de tratamentos com queratina aumentou a resist\u00eancia \u00e0 tra\u00e7\u00e3o do cabelo at\u00e9 40%. \u00c9 como transformar esparguete fr\u00e1gil em linguine resistente! Para quem est\u00e1 envolvido em <strong><em><a href=\"https:\/\/collagensei.com\/pt\/fabricante-de-nutricao-desportiva-2\/\">nutri\u00e7\u00e3o desportiva<\/a><\/em><\/strong> e <strong><em><a href=\"https:\/\/collagensei.com\/pt\/fabricante-de-suplementos-proteicos\/\">fabrico de suplementos proteicos<\/a><\/em><\/strong>Os suplementos de queratina tamb\u00e9m se revelaram promissores no apoio \u00e0 sa\u00fade das unhas e da pele.<\/p>\n\n\n\n<p>Entretanto, a prote\u00edna de trigo hidrolisada \u00e9 a multitarefa do grupo. N\u00e3o s\u00f3 fortalece o cabelo (aumentando a elasticidade em aproximadamente 35%, de acordo com a Cosmetics &amp; Toiletries Magazine, 2020), como tamb\u00e9m proporciona uma incr\u00edvel reten\u00e7\u00e3o de humidade. J\u00e1 alguma vez reparou como o p\u00e3o caseiro da sua av\u00f3 fica macio durante dias? Isso \u00e9 a prote\u00edna do trigo a fazer a sua magia de reten\u00e7\u00e3o de humidade!<\/p>\n\n\n\n<h2 class=\"wp-block-heading\"><span class=\"ez-toc-section\" id=\"Potential_Side_Effects_and_Considerations_The_Not-So-Fun_Part\"><\/span>Potenciais efeitos secund\u00e1rios e considera\u00e7\u00f5es: A parte n\u00e3o t\u00e3o divertida<span class=\"ez-toc-section-end\"><\/span><\/h2>\n\n\n\n<p>Agora, estaria a prestar-lhe um mau servi\u00e7o se n\u00e3o mencionasse as potenciais desvantagens - porque, sejamos realistas, nada na vida \u00e9 perfeito!<\/p>\n\n\n\n<p><a class=\"wpil_keyword_link\" href=\"https:\/\/collagensei.com\/pt\/queratina-hidrolisada-vs-l-glutamina-uma-comparacao-exaustiva\/\"   title=\"Queratina hidrolisada VS L-Glutamina\" data-wpil-keyword-link=\"linked\"  data-wpil-monitor-id=\"374\">Efeitos secund\u00e1rios da queratina hidrolisada<\/a> s\u00e3o geralmente m\u00ednimos, mas algumas pessoas podem apresentar:<\/p>\n\n\n\n<ul class=\"wp-block-list\">\n<li>Sobrecarga de prote\u00ednas (sim, \u00e9 uma coisa real!) que leva a cabelos quebradi\u00e7os<\/li>\n\n\n\n<li>Irrita\u00e7\u00e3o do couro cabeludo em indiv\u00edduos sens\u00edveis (que afecta cerca de 2-3% dos utilizadores, de acordo com Dermatology Reports, 2021)<\/li>\n\n\n\n<li>Potenciais preocupa\u00e7\u00f5es \u00e9ticas para os consumidores veganos<\/li>\n<\/ul>\n\n\n\n<p>Quanto \u00e0 prote\u00edna do trigo, o elefante na sala \u00e9 a sensibilidade ao gl\u00faten. Embora o processo de hidr\u00f3lise decomponha a maioria das prote\u00ednas do gl\u00faten, a Celiac Disease Foundation (2022) ainda recomenda que os indiv\u00edduos com alergias graves ao gl\u00faten tenham cuidado. \u00c9 como ser intolerante \u00e0 lactose e experimentar leite sem lactose - normalmente n\u00e3o h\u00e1 problema, mas porqu\u00ea arriscar se for super sens\u00edvel?<\/p>\n\n\n\n<h2 class=\"wp-block-heading\"><span class=\"ez-toc-section\" id=\"How_to_Choose_the_Right_Protein_for_Your_Needs\"><\/span>Como escolher a prote\u00edna certa para as suas necessidades<span class=\"ez-toc-section-end\"><\/span><\/h2>\n\n\n\n<p>Ent\u00e3o, como \u00e9 que escolhe o seu campe\u00e3o de prote\u00ednas? Deixem-me partilhar a minha estrutura pessoal de tomada de decis\u00f5es que j\u00e1 ajudou in\u00fameros outros!<\/p>\n\n\n\n<p>Primeiro, pergunte a si pr\u00f3prio: Qual \u00e9 o meu principal objetivo? Se estiver a lidar com danos graves causados pelo processamento qu\u00edmico, a queratina hidrolisada pode ser a sua melhor aposta. \u00c9 como chamar um especialista quando precisa de grandes repara\u00e7\u00f5es! No entanto, se procura uma manuten\u00e7\u00e3o geral e hidrata\u00e7\u00e3o, a prote\u00edna de trigo pode ser a sua escolha di\u00e1ria.<\/p>\n\n\n\n<p>Considere tamb\u00e9m o seu estilo de vida. Est\u00e1 empenhada na beleza vegan? Ent\u00e3o a prote\u00edna de trigo \u00e9 a sua \u00fanica op\u00e7\u00e3o - e, honestamente, \u00e9 uma op\u00e7\u00e3o fant\u00e1stica! Prev\u00ea-se que o mercado global de cosm\u00e9ticos veganos atinja $21,4 mil milh\u00f5es at\u00e9 2027 (Grand View Research, 2023), e a prote\u00edna de trigo est\u00e1 a liderar as inova\u00e7\u00f5es em mat\u00e9ria de cuidados capilares.<\/p>\n\n\n\n<p>Em termos or\u00e7amentais, a prote\u00edna de trigo ganha normalmente. Pode encontrar queratina hidrolisada em p\u00f3 de qualidade por cerca de $30-40 por quilograma, enquanto a prote\u00edna de trigo em p\u00f3 custa frequentemente menos 30-40%. \u00c9 como escolher entre moda de marca e moda de rua - ambas podem ficar \u00f3ptimas, mas uma \u00e9 definitivamente mais f\u00e1cil para a carteira!<\/p>\n\n\n\n<h2 class=\"wp-block-heading\"><span class=\"ez-toc-section\" id=\"Industry_Applications_and_Future_Trends\"><\/span>Aplica\u00e7\u00f5es do sector e tend\u00eancias futuras<span class=\"ez-toc-section-end\"><\/span><\/h2>\n\n\n\n<p>A parte excitante? Estamos apenas a arranhar a superf\u00edcie do que estas prote\u00ednas podem fazer! No mundo dos ingredientes de suplementos alimentares e solu\u00e7\u00f5es OEM, ambas as prote\u00ednas est\u00e3o a fazer ondas para al\u00e9m dos cuidados com o cabelo.<\/p>\n\n\n\n<p>A ind\u00fastria da nutri\u00e7\u00e3o desportiva abra\u00e7ou particularmente estes ingredientes. Embora n\u00e3o sejam prote\u00ednas completas para a constru\u00e7\u00e3o muscular, oferecem benef\u00edcios \u00fanicos para a recupera\u00e7\u00e3o e o bem-estar geral. De acordo com o Sports Nutrition Market Report (2023), espera-se que prote\u00ednas especiais como estas cres\u00e7am 15% anualmente at\u00e9 2028.<\/p>\n\n\n\n<p>Para aqueles que trabalham no fabrico de suplementos de prote\u00edna, a tend\u00eancia est\u00e1 a avan\u00e7ar para f\u00f3rmulas combinadas. Imagine obter o melhor dos dois mundos - o poder de fortalecimento da queratina e a reten\u00e7\u00e3o de humidade da prote\u00edna de trigo! Algumas marcas inovadoras j\u00e1 est\u00e3o a criar f\u00f3rmulas h\u00edbridas que respondem a diversas necessidades dos consumidores.<\/p>\n\n\n\n<h2 class=\"wp-block-heading\"><span class=\"ez-toc-section\" id=\"Making_Your_Final_Decision\"><\/span>Tomar a sua decis\u00e3o final<span class=\"ez-toc-section-end\"><\/span><\/h2>\n\n\n\n<p>Depois de toda esta informa\u00e7\u00e3o, \u00e9 poss\u00edvel que ainda esteja a pensar: \"Mas qual devo escolher?\" Aqui fica a minha opini\u00e3o sincera: porque n\u00e3o experimentar ambos? N\u00e3o necessariamente juntos (embora alguns produtos os combinem com sucesso), mas como parte da sua rotina de cuidados capilares rotativos.<\/p>\n\n\n\n<p>Pense nisto como a sua rotina de cuidados da pele - pode utilizar vitamina C de manh\u00e3 e retinol \u00e0 noite. Da mesma forma, pode utilizar um tratamento de queratina hidrolisada mensalmente para uma repara\u00e7\u00e3o profunda, enquanto incorpora produtos de prote\u00edna de trigo na sua rotina semanal para manuten\u00e7\u00e3o.<\/p>\n\n\n\n<p>A beleza dos cuidados modernos com o cabelo \u00e9 o facto de termos op\u00e7\u00f5es! Quer escolha o suplemento de Queratina Hidrolisada para uma repara\u00e7\u00e3o intensiva ou abrace a suavidade da prote\u00edna de trigo, est\u00e1 a dar ao seu cabelo os blocos de constru\u00e7\u00e3o de que necessita para prosperar.<\/p>\n\n\n\n<p>Lembre-se, a melhor prote\u00edna para si \u00e9 aquela que se alinha com os seus valores, or\u00e7amento e objectivos para o cabelo. N\u00e3o existe uma resposta \u00fanica para todos, e isso \u00e9 perfeitamente normal! O seu percurso capilar \u00e9 \u00fanico, tal como voc\u00ea.<\/p>\n\n\n\n<p>Por isso, da pr\u00f3xima vez que estiver no corredor dos produtos para o cabelo, munida deste conhecimento, pode fazer a sua escolha com confian\u00e7a. Quer opte pela queratina ou pela prote\u00edna de trigo, o seu cabelo vai agradecer-lhe o aumento de prote\u00ednas!<\/p>\n\n\n\n<p>Afinal de contas, n\u00e3o \u00e9 espantoso como estas pequenas mol\u00e9culas de prote\u00edna podem fazer uma diferen\u00e7a t\u00e3o grande na nossa apar\u00eancia e na nossa sensa\u00e7\u00e3o? Um brinde a um cabelo saud\u00e1vel e feliz - seja qual for o caminho proteico que escolher!<\/p>\n\n\n\n<h2 class=\"wp-block-heading\" id=\"Hydrolyzed-Keratin-vs-Hydrolyzed-Wheat-Protein-table\"><span class=\"ez-toc-section\" id=\"Hydrolyzed_Keratin_vs_Hydrolyzed_Wheat_Protein_table\"><\/span>Queratina hidrolisada vs Prote\u00edna de trigo hidrolisada<span class=\"ez-toc-section-end\"><\/span><\/h2>\n\n\n\n<style>\n.premium-comparison-table {\n    width: 100%;\n    border-collapse: separate;\n    border-spacing: 0;\n    margin: 25px 0;\n    font-family: 'Arial', sans-serif;\n    box-shadow: 0 1px 3px rgba(0,0,0,0.1);\n    border-radius: 8px;\n    overflow: hidden;\n}\n\n.premium-comparison-table th {\n    background: linear-gradient(135deg, #2c3e50, #34495e);\n    color: white;\n    padding: 18px 15px;\n    text-align: left;\n    font-weight: 500;\n    font-size: 16px;\n    border: none;\n}\n\n.premium-comparison-table td {\n    padding: 15px;\n    border-bottom: 1px solid #eee;\n    font-size: 14px;\n    line-height: 1.4;\n    vertical-align: top;\n}\n\n.premium-comparison-table tr:last-child td {\n    border-bottom: none;\n}\n\n.premium-comparison-table .category {\n    font-weight: 600;\n    color: #2c3e50;\n    background-color: #f8f9fa;\n    width: 20%;\n}\n\n.premium-comparison-table tr:hover td {\n    background-color: #f8f9fa;\n    transition: background-color 0.3s ease;\n}\n\n.premium-comparison-table th:first-child {\n    border-top-left-radius: 8px;\n}\n\n.premium-comparison-table th:last-child {\n    border-top-right-radius: 8px;\n}\n\n.highlight {\n    color: #2c3e50;\n    font-weight: 500;\n}\n\n.table-container {\n    padding: 20px;\n    background: white;\n    border-radius: 10px;\n}\n\n.table-title {\n    text-align: center;\n    color: #2c3e50;\n    font-size: 24px;\n    margin-bottom: 20px;\n    font-weight: 600;\n}\n<\/style>\n\n<div class=\"table-container\">\n    <div class=\"table-title\">Compara\u00e7\u00e3o exaustiva: Prote\u00ednas hidrolisadas no cuidado do cabelo<\/div>\n    <table class=\"premium-comparison-table\">\n        <tr>\n            <th>Carater\u00edsticas<\/th>\n            <th>Queratina hidrolisada<\/th>\n            <th>Prote\u00edna de trigo hidrolisada<\/th>\n        <\/tr>\n        <tr>\n            <td class=\"category\">Fonte<\/td>\n            <td>Prote\u00edna de origem animal<br>(l\u00e3, penas)<\/td>\n            <td>Prote\u00edna de origem vegetal<br>(trigo)<\/td>\n        <\/tr>\n        <tr>\n            <td class=\"category\">Estrutura molecular<\/td>\n            <td>Semelhante \u00e0 estrutura da prote\u00edna do cabelo humano<\/td>\n            <td>Estrutura das prote\u00ednas vegetais<\/td>\n        <\/tr>\n        <tr>\n            <td class=\"category\">Benef\u00edcios prim\u00e1rios<\/td>\n            <td>- Repara\u00e7\u00e3o em profundidade<br>- Refor\u00e7o estrutural<br>- Reconstru\u00e7\u00e3o da cut\u00edcula<\/td>\n            <td>- Manuten\u00e7\u00e3o di\u00e1ria<br>- Reten\u00e7\u00e3o da humidade<br>- Maior elasticidade<\/td>\n        <\/tr>\n        <tr>\n            <td class=\"category\">Frequ\u00eancia de utiliza\u00e7\u00e3o<\/td>\n            <td>Tratamentos profissionais peri\u00f3dicos<\/td>\n            <td>Utiliza\u00e7\u00e3o di\u00e1ria regular<\/td>\n        <\/tr>\n        <tr>\n            <td class=\"category\">Longevidade<\/td>\n            <td>Resultados mais duradouros<\/td>\n            <td>Necessita de manuten\u00e7\u00e3o regular<\/td>\n        <\/tr>\n        <tr>\n            <td class=\"category\">Adequa\u00e7\u00e3o do tipo de cabelo<\/td>\n            <td>Cabelos muito danificados<br>Cabelos quimicamente tratados<\/td>\n            <td>Todos os tipos de cabelo<br>Especialmente para cabelos finos<\/td>\n        <\/tr>\n        <tr>\n            <td class=\"category\">Sustentabilidade<\/td>\n            <td>Menor sustentabilidade ambiental<\/td>\n            <td>Maior sustentabilidade ambiental<\/td>\n        <\/tr>\n        <tr>\n            <td class=\"category\">Produtos comuns<\/td>\n            <td>- Tratamentos profissionais<br>- M\u00e1scaras de repara\u00e7\u00e3o intensiva<br>- Tratamentos de reconstru\u00e7\u00e3o<\/td>\n            <td>- Champ\u00f4s di\u00e1rios<br>- Condicionadores<br>- Tratamentos sem enxaguamento<\/td>\n        <\/tr>\n        <tr>\n            <td class=\"category\">Gama de pre\u00e7os<\/td>\n            <td>Pre\u00e7o de topo<\/td>\n            <td>Pre\u00e7o moderado<\/td>\n        <\/tr>\n        <tr>\n            <td class=\"category\">Considera\u00e7\u00f5es<\/td>\n            <td>- Potencial sobrecarga proteica<br>- Necessidade de orienta\u00e7\u00e3o profissional<br>- Maior investimento<\/td>\n            <td>- Preocupa\u00e7\u00f5es com a sensibilidade ao gl\u00faten<br>- Aplica\u00e7\u00e3o mais frequente<br>- Mais acess\u00edvel<\/td>\n        <\/tr>\n    <\/table>\n<\/div>\n\n\n\n<h2 class=\"wp-block-heading\"><span class=\"ez-toc-section\" id=\"FAQs\"><\/span>FAQs<span class=\"ez-toc-section-end\"><\/span><\/h2>\n\n\n<div id=\"rank-math-faq\" class=\"rank-math-block\">\n<div class=\"rank-math-list\">\n<div id=\"faq-question-1748427809108\" class=\"rank-math-list-item\">\n<h3 class=\"rank-math-question\"><span class=\"ez-toc-section\" id=\"How_often_should_I_use_keratin-based_products\"><\/span>Com que frequ\u00eancia devo utilizar produtos \u00e0 base de queratina?<span class=\"ez-toc-section-end\"><\/span><\/h3>\n<div class=\"rank-math-answer\">\n\n<p>A frequ\u00eancia depende do seu tipo e estado de cabelo. Para a maioria das pessoas, a utiliza\u00e7\u00e3o de produtos \u00e0 base de queratina 1-2 vezes por semana \u00e9 suficiente. Se o seu cabelo estiver muito danificado, poder\u00e1 beneficiar de uma utiliza\u00e7\u00e3o mais frequente. Siga sempre as instru\u00e7\u00f5es do produto e ou\u00e7a o seu cabelo - se este se sentir quebradi\u00e7o ou demasiado r\u00edgido, poder\u00e1 estar a exagerar.<\/p>\n\n<\/div>\n<\/div>\n<div id=\"faq-question-1748427853683\" class=\"rank-math-list-item\">\n<h3 class=\"rank-math-question\"><span class=\"ez-toc-section\" id=\"What_is_the_difference_between_hydrolyzed_keratin_and_hydrolyzed_protein\"><\/span>Qual \u00e9 a diferen\u00e7a entre queratina hidrolisada e prote\u00edna hidrolisada?<span class=\"ez-toc-section-end\"><\/span><\/h3>\n<div class=\"rank-math-answer\">\n\n<p>A queratina hidrolisada \u00e9 um tipo espec\u00edfico de prote\u00edna hidrolisada. Embora todas as prote\u00ednas hidrolisadas sejam decompostas em mol\u00e9culas mais pequenas, a queratina hidrolisada prov\u00e9m especificamente de fontes ricas em queratina, como o cabelo, a l\u00e3 ou as penas. Outras prote\u00ednas hidrolisadas podem ser provenientes de fontes como o trigo, a soja ou o leite.<\/p>\n\n<\/div>\n<\/div>\n<div id=\"faq-question-1748427879863\" class=\"rank-math-list-item\">\n<h3 class=\"rank-math-question\"><span class=\"ez-toc-section\" id=\"What_is_another_name_for_hydrolyzed_wheat_protein\"><\/span>Qual \u00e9 o outro nome para a prote\u00edna de trigo hidrolisada?<span class=\"ez-toc-section-end\"><\/span><\/h3>\n<div class=\"rank-math-answer\">\n\n<p>A prote\u00edna de trigo hidrolisada tamb\u00e9m pode ser listada como amino\u00e1cidos de trigo, fito-p\u00e9ptidos ou queratina vegetal nos r\u00f3tulos dos produtos. Todos estes termos referem-se ao mesmo ingrediente derivado das prote\u00ednas do trigo. <\/p>\n\n<\/div>\n<\/div>\n<div id=\"faq-question-1748427926222\" class=\"rank-math-list-item\">\n<h3 class=\"rank-math-question\"><span class=\"ez-toc-section\" id=\"Is_keratin_or_protein_better_for_your_hair\"><\/span>A queratina ou a prote\u00edna \u00e9 melhor para o seu cabelo?<span class=\"ez-toc-section-end\"><\/span><\/h3>\n<div class=\"rank-math-answer\">\n\n<p>Esta n\u00e3o \u00e9 uma compara\u00e7\u00e3o direta porque a queratina \u00e9 um tipo de prote\u00edna. Ambas podem ser ben\u00e9ficas, mas a queratina pode ter uma vantagem na repara\u00e7\u00e3o do cabelo porque \u00e9 semelhante \u00e0 prote\u00edna que se encontra naturalmente no cabelo. No entanto, as prote\u00ednas \u00e0 base de plantas, como a prote\u00edna de trigo, podem ser excelentes para adicionar humidade e volume sem o risco de sobrecarga de prote\u00ednas.<\/p>\n\n<\/div>\n<\/div>\n<div id=\"faq-question-1748428018570\" class=\"rank-math-list-item\">\n<h3 class=\"rank-math-question\"><span class=\"ez-toc-section\" id=\"What_is_an_alternative_to_hydrolyzed_keratin\"><\/span>O que \u00e9 uma alternativa \u00e0 queratina hidrolisada?<span class=\"ez-toc-section-end\"><\/span><\/h3>\n<div class=\"rank-math-answer\">\n\n<p>Para quem procura uma alternativa \u00e0 base de plantas, a prote\u00edna de trigo hidrolisada \u00e9 uma escolha popular. Outras alternativas incluem a prote\u00edna de soja hidrolisada, a prote\u00edna de arroz ou a prote\u00edna de quinoa. Cada uma delas oferece benef\u00edcios \u00fanicos e pode ser adequada, dependendo das necessidades espec\u00edficas do seu cabelo e de quaisquer sensibilidades que possa ter.<\/p>\n\n<\/div>\n<\/div>\n<div id=\"faq-question-1748428042307\" class=\"rank-math-list-item\">\n<h3 class=\"rank-math-question\"><span class=\"ez-toc-section\" id=\"How_to_use_hydrolyzed_keratin_on_hair\"><\/span>Como utilizar a queratina hidrolisada no cabelo?<span class=\"ez-toc-section-end\"><\/span><\/h3>\n<div class=\"rank-math-answer\">\n\n<p>A queratina hidrolisada encontra-se normalmente em champ\u00f4s, amaciadores e m\u00e1scaras capilares. Para obter melhores resultados, aplique o produto no cabelo limpo e h\u00famido, concentrando-se nos comprimentos m\u00e9dios e nas pontas. Deixe atuar durante o tempo recomendado e, em seguida, enxag\u00fae abundantemente. Alguns produtos sem enxaguamento com queratina hidrolisada podem ser aplicados no cabelo seco com uma toalha e deixados no cabelo.<\/p>\n\n<\/div>\n<\/div>\n<div id=\"faq-question-1748428054194\" class=\"rank-math-list-item\">\n<h3 class=\"rank-math-question\"><span class=\"ez-toc-section\" id=\"How_do_we_produce_hydrolyzed_keratin\"><\/span>Como \u00e9 que produzimos queratina hidrolisada?<span class=\"ez-toc-section-end\"><\/span><\/h3>\n<div class=\"rank-math-answer\">\n\n<p>A queratina hidrolisada \u00e9 produzida atrav\u00e9s de um processo chamado hidr\u00f3lise. Este processo envolve a quebra das prote\u00ednas da queratina utilizando \u00e1gua, calor e, por vezes, enzimas ou \u00e1cidos. Este processo cria mol\u00e9culas de prote\u00edna mais pequenas que podem penetrar mais facilmente no fio de cabelo ou na pele.<\/p>\n\n<\/div>\n<\/div>\n<div id=\"faq-question-1748428119021\" class=\"rank-math-list-item\">\n<h3 class=\"rank-math-question\"><span class=\"ez-toc-section\" id=\"Are_these_proteins_effective_for_curly_hair\"><\/span>Estas prote\u00ednas s\u00e3o eficazes para os cabelos encaracolados?<span class=\"ez-toc-section-end\"><\/span><\/h3>\n<div class=\"rank-math-answer\">\n\n<p>Sim, tanto a queratina hidrolisada como a prote\u00edna de trigo hidrolisada podem ser ben\u00e9ficas para o cabelo encaracolado. A queratina pode ajudar a suavizar e a definir os carac\u00f3is, reduzindo o frisado. A prote\u00edna de trigo pode acrescentar humidade e elasticidade aos carac\u00f3is sem os deixar pesados. O segredo \u00e9 encontrar o equil\u00edbrio certo para o seu tipo de carac\u00f3is e porosidade espec\u00edficos.<\/p>\n\n<\/div>\n<\/div>\n<div id=\"faq-question-1748428181473\" class=\"rank-math-list-item\">\n<h3 class=\"rank-math-question\"><span class=\"ez-toc-section\" id=\"Can_I_combine_wheat_protein_and_keratin_products\"><\/span>Posso combinar produtos \u00e0 base de prote\u00ednas de trigo e queratina?<span class=\"ez-toc-section-end\"><\/span><\/h3>\n<div class=\"rank-math-answer\">\n\n<p>Sem d\u00favida! Muitas pessoas acham que a utiliza\u00e7\u00e3o de ambos os tipos de prote\u00ednas lhes d\u00e1 os melhores resultados. Pode utilizar um tratamento profundo \u00e0 base de queratina uma vez por semana para repara\u00e7\u00e3o e um condicionador sem enxaguamento \u00e0 base de prote\u00edna de trigo diariamente para hidrata\u00e7\u00e3o e volume. Tenha cuidado para n\u00e3o sobrecarregar o seu cabelo com demasiadas prote\u00ednas, pois isso pode provocar rigidez e quebra.<\/p>\n\n<\/div>\n<\/div>\n<div id=\"faq-question-1749120814410\" class=\"rank-math-list-item\">\n<h3 class=\"rank-math-question\"><span class=\"ez-toc-section\" id=\"Can_these_proteins_repair_split_ends\"><\/span>Estas prote\u00ednas podem reparar as pontas espigadas?<span class=\"ez-toc-section-end\"><\/span><\/h3>\n<div class=\"rank-math-answer\">\n\n<p>Embora estas prote\u00ednas possam melhorar o aspeto das pontas espigadas e evitar mais danos, n\u00e3o podem realmente \"reparar\" as pontas espigadas no sentido de as voltar a unir. A \u00fanica verdadeira solu\u00e7\u00e3o para as pontas espigadas \u00e9 cort\u00e1-las. No entanto, os produtos com estas prote\u00ednas podem ajudar a fortalecer o cabelo para evitar futuras pontas espigadas.<\/p>\n\n<\/div>\n<\/div>\n<\/div>\n<\/div>\n\n\n<h2 class=\"wp-block-heading\"><span class=\"ez-toc-section\" id=\"References\"><\/span>Refer\u00eancias<span class=\"ez-toc-section-end\"><\/span><\/h2>\n\n\n\n<ol class=\"wp-block-list\">\n<li>Jornal Internacional de Ci\u00eancia Cosm\u00e9tica (2018). \"Distribui\u00e7\u00e3o do peso molecular da queratina hidrolisada e seu efeito na penetra\u00e7\u00e3o capilar\". Volume 40, Edi\u00e7\u00e3o 3, pp. 258-265. <a href=\"https:\/\/onlinelibrary.wiley.com\/doi\/10.1111\/ics.12460\" target=\"_blank\" rel=\"noreferrer noopener nofollow\">https:\/\/onlinelibrary.wiley.com\/doi\/10.1111\/ics.12460<\/a><\/li>\n\n\n\n<li>Jornal de Ci\u00eancia de Pol\u00edmeros Aplicados (2019). \"Caracteriza\u00e7\u00e3o da prote\u00edna de trigo hidrolisada para aplica\u00e7\u00f5es cosm\u00e9ticas\". Volume 136, Edi\u00e7\u00e3o 15. <a href=\"https:\/\/onlinelibrary.wiley.com\/doi\/10.1002\/app.47381\" target=\"_blank\" rel=\"noreferrer noopener nofollow\">https:\/\/onlinelibrary.wiley.com\/doi\/10.1002\/app.47381<\/a><\/li>\n\n\n\n<li>Jornal de Pesquisa T\u00eaxtil (2020). \"Estudo comparativo da penetra\u00e7\u00e3o de prote\u00ednas em fibras capilares danificadas\". Volume 90, Edi\u00e7\u00e3o 7-8, pp. 823-835. <a href=\"https:\/\/journals.sagepub.com\/doi\/10.1177\/0040517519877466\" target=\"_blank\" rel=\"noreferrer noopener nofollow\">https:\/\/journals.sagepub.com\/doi\/10.1177\/0040517519877466<\/a><\/li>\n\n\n\n<li>Jornal de Dermatologia Cosm\u00e9tica (2021). \"Efeitos da queratina hidrolisada nas propriedades mec\u00e2nicas do cabelo\". Volume 20, Edi\u00e7\u00e3o 4, pp. 1098-1105. <a href=\"https:\/\/onlinelibrary.wiley.com\/doi\/10.1111\/jocd.13686\" target=\"_blank\" rel=\"noreferrer noopener nofollow\">https:\/\/onlinelibrary.wiley.com\/doi\/10.1111\/jocd.13686<\/a><\/li>\n\n\n\n<li>Revista Cosmetics &amp; Toiletries (2020). \"Derivados de prote\u00edna de trigo em formula\u00e7\u00f5es de cuidados com os cabelos\". Volume 135, N\u00famero 6, pp. 42-48. <a href=\"https:\/\/www.cosmeticsandtoiletries.com\/\" target=\"_blank\" rel=\"noreferrer noopener nofollow\">https:\/\/www.cosmeticsandtoiletries.com\/<\/a><\/li>\n\n\n\n<li>Relat\u00f3rios de Dermatologia (2021). \"Rea\u00e7\u00f5es al\u00e9rgicas a prote\u00ednas cosm\u00e9ticas: Uma revis\u00e3o abrangente.\" Volume 13, Edi\u00e7\u00e3o 2. <a href=\"https:\/\/www.pagepress.org\/journals\/index.php\/dr\" target=\"_blank\" rel=\"noreferrer noopener nofollow\">https:\/\/www.pagepress.org\/journals\/index.php\/dr<\/a><\/li>\n\n\n\n<li>Funda\u00e7\u00e3o da Doen\u00e7a Cel\u00edaca (2022). \"Exposi\u00e7\u00e3o t\u00f3pica ao gl\u00faten na doen\u00e7a cel\u00edaca\". <a href=\"https:\/\/celiac.org\/\" target=\"_blank\" rel=\"noreferrer noopener nofollow\">https:\/\/celiac.org\/<\/a><\/li>\n\n\n\n<li>Grand View Research (2023). \"Relat\u00f3rio de tamanho e participa\u00e7\u00e3o no mercado de cosm\u00e9ticos veganos, 2023-2027.\" <a href=\"https:\/\/www.grandviewresearch.com\/\" target=\"_blank\" rel=\"noreferrer noopener nofollow\">https:\/\/www.grandviewresearch.com\/<\/a><\/li>\n\n\n\n<li>Relat\u00f3rio do Mercado de Nutri\u00e7\u00e3o Desportiva (2023). \"Prote\u00ednas especializadas em nutri\u00e7\u00e3o desportiva: An\u00e1lise de Mercado e Previs\u00f5es\". Publica\u00e7\u00f5es do Market Research Future.<\/li>\n<\/ol>\n\n\n\n<p><\/p>","protected":false},"excerpt":{"rendered":"<p>Remember that moment when you stood in the hair care aisle, completely overwhelmed by protein treatment options? I&#8217;ve been there [&hellip;]<\/p>\n","protected":false},"author":1,"featured_media":8075,"comment_status":"closed","ping_status":"open","sticky":false,"template":"","format":"standard","meta":{"_uag_custom_page_level_css":"","site-sidebar-layout":"default","site-content-layout":"","ast-site-content-layout":"","site-content-style":"default","site-sidebar-style":"default","ast-global-header-display":"","ast-banner-title-visibility":"","ast-main-header-display":"","ast-hfb-above-header-display":"","ast-hfb-below-header-display":"","ast-hfb-mobile-header-display":"","site-post-title":"","ast-breadcrumbs-content":"","ast-featured-img":"disabled","footer-sml-layout":"","ast-disable-related-posts":"","theme-transparent-header-meta":"","adv-header-id-meta":"","stick-header-meta":"","header-above-stick-meta":"","header-main-stick-meta":"","header-below-stick-meta":"","astra-migrate-meta-layouts":"default","ast-page-background-enabled":"default","ast-page-background-meta":{"desktop":{"background-color":"var(--ast-global-color-5)","background-image":"","background-repeat":"repeat","background-position":"center center","background-size":"auto","background-attachment":"scroll","background-type":"","background-media":"","overlay-type":"","overlay-color":"","overlay-opacity":"","overlay-gradient":""},"tablet":{"background-color":"","background-image":"","background-repeat":"repeat","background-position":"center center","background-size":"auto","background-attachment":"scroll","background-type":"","background-media":"","overlay-type":"","overlay-color":"","overlay-opacity":"","overlay-gradient":""},"mobile":{"background-color":"","background-image":"","background-repeat":"repeat","background-position":"center center","background-size":"auto","background-attachment":"scroll","background-type":"","background-media":"","overlay-type":"","overlay-color":"","overlay-opacity":"","overlay-gradient":""}},"ast-content-background-meta":{"desktop":{"background-color":"var(--ast-global-color-4)","background-image":"","background-repeat":"repeat","background-position":"center center","background-size":"auto","background-attachment":"scroll","background-type":"","background-media":"","overlay-type":"","overlay-color":"","overlay-opacity":"","overlay-gradient":""},"tablet":{"background-color":"var(--ast-global-color-4)","background-image":"","background-repeat":"repeat","background-position":"center center","background-size":"auto","background-attachment":"scroll","background-type":"","background-media":"","overlay-type":"","overlay-color":"","overlay-opacity":"","overlay-gradient":""},"mobile":{"background-color":"var(--ast-global-color-4)","background-image":"","background-repeat":"repeat","background-position":"center center","background-size":"auto","background-attachment":"scroll","background-type":"","background-media":"","overlay-type":"","overlay-color":"","overlay-opacity":"","overlay-gradient":""}},"footnotes":""},"categories":[78,200,201,106],"tags":[133,202,205,197,105,204,203],"class_list":["post-4764","post","type-post","status-publish","format-standard","has-post-thumbnail","hentry","category-collagen","category-hydrolyzed-keratin","category-hydrolyzed-wheat-protein","category-protein","tag-food-supplement-ingredients","tag-hydrolyzed-keratin","tag-hydrolyzed-wheat-protein","tag-oem-solutions","tag-protein","tag-protein-supplement-manufacturer","tag-sports-nutrition"],"uagb_featured_image_src":{"full":["https:\/\/collagensei.com\/wp-content\/uploads\/2025\/03\/Hydrolyzed-Keratin-vs-Hydrolyzed-Wheat-Protein1.png",1920,689,false],"thumbnail":["https:\/\/collagensei.com\/wp-content\/uploads\/2025\/03\/Hydrolyzed-Keratin-vs-Hydrolyzed-Wheat-Protein1-150x150.png",150,150,true],"medium":["https:\/\/collagensei.com\/wp-content\/uploads\/2025\/03\/Hydrolyzed-Keratin-vs-Hydrolyzed-Wheat-Protein1-300x108.png",300,108,true],"medium_large":["https:\/\/collagensei.com\/wp-content\/uploads\/2025\/03\/Hydrolyzed-Keratin-vs-Hydrolyzed-Wheat-Protein1-768x276.png",768,276,true],"large":["https:\/\/collagensei.com\/wp-content\/uploads\/2025\/03\/Hydrolyzed-Keratin-vs-Hydrolyzed-Wheat-Protein1-1024x367.png",1024,367,true],"1536x1536":["https:\/\/collagensei.com\/wp-content\/uploads\/2025\/03\/Hydrolyzed-Keratin-vs-Hydrolyzed-Wheat-Protein1-1536x551.png",1536,551,true],"2048x2048":["https:\/\/collagensei.com\/wp-content\/uploads\/2025\/03\/Hydrolyzed-Keratin-vs-Hydrolyzed-Wheat-Protein1.png",1920,689,false],"trp-custom-language-flag":["https:\/\/collagensei.com\/wp-content\/uploads\/2025\/03\/Hydrolyzed-Keratin-vs-Hydrolyzed-Wheat-Protein1.png",18,6,false]},"uagb_author_info":{"display_name":"collagensei.com","author_link":"https:\/\/collagensei.com\/pt\/author\/collagensei\/"},"uagb_comment_info":0,"uagb_excerpt":"Remember that moment when you stood in the hair care aisle, completely overwhelmed by protein treatment options? I&#8217;ve been there [&hellip;]","_links":{"self":[{"href":"https:\/\/collagensei.com\/pt\/wp-json\/wp\/v2\/posts\/4764","targetHints":{"allow":["GET"]}}],"collection":[{"href":"https:\/\/collagensei.com\/pt\/wp-json\/wp\/v2\/posts"}],"about":[{"href":"https:\/\/collagensei.com\/pt\/wp-json\/wp\/v2\/types\/post"}],"author":[{"embeddable":true,"href":"https:\/\/collagensei.com\/pt\/wp-json\/wp\/v2\/users\/1"}],"replies":[{"embeddable":true,"href":"https:\/\/collagensei.com\/pt\/wp-json\/wp\/v2\/comments?post=4764"}],"version-history":[{"count":20,"href":"https:\/\/collagensei.com\/pt\/wp-json\/wp\/v2\/posts\/4764\/revisions"}],"predecessor-version":[{"id":16087,"href":"https:\/\/collagensei.com\/pt\/wp-json\/wp\/v2\/posts\/4764\/revisions\/16087"}],"wp:featuredmedia":[{"embeddable":true,"href":"https:\/\/collagensei.com\/pt\/wp-json\/wp\/v2\/media\/8075"}],"wp:attachment":[{"href":"https:\/\/collagensei.com\/pt\/wp-json\/wp\/v2\/media?parent=4764"}],"wp:term":[{"taxonomy":"category","embeddable":true,"href":"https:\/\/collagensei.com\/pt\/wp-json\/wp\/v2\/categories?post=4764"},{"taxonomy":"post_tag","embeddable":true,"href":"https:\/\/collagensei.com\/pt\/wp-json\/wp\/v2\/tags?post=4764"}],"curies":[{"name":"wp","href":"https:\/\/api.w.org\/{rel}","templated":true}]}}