{"id":18524,"date":"2026-04-28T18:52:09","date_gmt":"2026-04-28T10:52:09","guid":{"rendered":"https:\/\/collagensei.com\/?p=18524"},"modified":"2026-04-27T11:09:02","modified_gmt":"2026-04-27T03:09:02","slug":"kolajen-tozunun-son-kullanma-tari%cc%87hi%cc%87","status":"publish","type":"post","link":"https:\/\/collagensei.com\/tr\/does-collagen-powder-expire\/","title":{"rendered":"Kolajen Tozunun Son Kullanma Tarihi Ge\u00e7er mi? Raf \u00d6mr\u00fc ve Saklama K\u0131lavuzu"},"content":{"rendered":"<p>Hepimizin ba\u015f\u0131na gelir: Kilerinizi d\u00fczenliyorsunuz ve protein tozunun arkas\u0131na saklanm\u0131\u015f unutulmu\u015f bir kolajen peptit k\u00fcvetini yeniden ke\u015ffediyorsunuz. Cildinize ve eklemlerinize faydal\u0131 olmas\u0131n\u0131 istersiniz ama sonra alt\u0131ndaki tarihi fark edersiniz. Kolajen tozunun son kullanma tarihi ge\u00e7mi\u015f midir?<\/p><div id=\"ez-toc-container\" class=\"ez-toc-v2_0_82_1 ez-toc-wrap-left counter-hierarchy ez-toc-counter ez-toc-grey ez-toc-container-direction\">\n<div class=\"ez-toc-title-container\">\n<p class=\"ez-toc-title ez-toc-toggle\" style=\"cursor:pointer\">\u0130\u00e7indekiler<\/p>\n<span class=\"ez-toc-title-toggle\"><a href=\"#\" class=\"ez-toc-pull-right ez-toc-btn ez-toc-btn-xs ez-toc-btn-default ez-toc-toggle\" aria-label=\"\u0130\u00e7indekiler Tablosunu A\u00e7\/Kapat\"><span class=\"ez-toc-js-icon-con\"><span class=\"\"><span class=\"eztoc-hide\" style=\"display:none;\">Ge\u00e7i\u015f<\/span><span class=\"ez-toc-icon-toggle-span\"><svg style=\"fill: #999;color:#999\" xmlns=\"http:\/\/www.w3.org\/2000\/svg\" class=\"list-377408\" width=\"20px\" height=\"20px\" viewbox=\"0 0 24 24\" fill=\"none\"><path d=\"M6 6H4v2h2V6zm14 0H8v2h12V6zM4 11h2v2H4v-2zm16 0H8v2h12v-2zM4 16h2v2H4v-2zm16 0H8v2h12v-2z\" fill=\"currentColor\"><\/path><\/svg><svg style=\"fill: #999;color:#999\" class=\"arrow-unsorted-368013\" xmlns=\"http:\/\/www.w3.org\/2000\/svg\" width=\"10px\" height=\"10px\" viewbox=\"0 0 24 24\" version=\"1.2\" baseprofile=\"tiny\"><path d=\"M18.2 9.3l-6.2-6.3-6.2 6.3c-.2.2-.3.4-.3.7s.1.5.3.7c.2.2.4.3.7.3h11c.3 0 .5-.1.7-.3.2-.2.3-.5.3-.7s-.1-.5-.3-.7zM5.8 14.7l6.2 6.3 6.2-6.3c.2-.2.3-.5.3-.7s-.1-.5-.3-.7c-.2-.2-.4-.3-.7-.3h-11c-.3 0-.5.1-.7.3-.2.2-.3.5-.3.7s.1.5.3.7z\"\/><\/svg><\/span><\/span><\/span><\/a><\/span><\/div>\n<nav><ul class='ez-toc-list ez-toc-list-level-1' ><li class='ez-toc-page-1 ez-toc-heading-level-2'><a class=\"ez-toc-link ez-toc-heading-1\" href=\"https:\/\/collagensei.com\/tr\/does-collagen-powder-expire\/#Does_Collagen_Powder_Expire_The_Direct_Answer\" >Kolajen Tozunun Son Kullanma Tarihi Ge\u00e7er mi? (Do\u011frudan Cevap)<\/a><ul class='ez-toc-list-level-3' ><li class='ez-toc-heading-level-3'><a class=\"ez-toc-link ez-toc-heading-2\" href=\"https:\/\/collagensei.com\/tr\/does-collagen-powder-expire\/#Expiration_Date_vs_%E2%80%9CBest-By%E2%80%9D_Date\" >Son Kullanma Tarihi vs \u201cSon Kullanma Tarihi\u201d<\/a><\/li><li class='ez-toc-page-1 ez-toc-heading-level-3'><a class=\"ez-toc-link ez-toc-heading-3\" href=\"https:\/\/collagensei.com\/tr\/does-collagen-powder-expire\/#Why_Is_Collagen_So_Stable\" >Kolajen Neden Bu Kadar Stabil?<\/a><\/li><\/ul><\/li><li class='ez-toc-page-1 ez-toc-heading-level-2'><a class=\"ez-toc-link ez-toc-heading-4\" href=\"https:\/\/collagensei.com\/tr\/does-collagen-powder-expire\/#How_to_Tell_if_Your_Collagen_Has_Gone_Bad\" >Kolajeninizin K\u00f6t\u00fcye Gitti\u011fini Nas\u0131l Anlars\u0131n\u0131z?<\/a><ul class='ez-toc-list-level-3' ><li class='ez-toc-heading-level-3'><a class=\"ez-toc-link ez-toc-heading-5\" href=\"https:\/\/collagensei.com\/tr\/does-collagen-powder-expire\/#Sensory_Indicators_The_%E2%80%9CLook_Smell_and_Touch%E2%80%9D_Test\" >Duyusal G\u00f6stergeler: \u201cBak, Kokla ve Dokun\u201d Testi<\/a><\/li><li class='ez-toc-page-1 ez-toc-heading-level-3'><a class=\"ez-toc-link ez-toc-heading-6\" href=\"https:\/\/collagensei.com\/tr\/does-collagen-powder-expire\/#The_Efficacy_Factor_When_%E2%80%9CSafe%E2%80%9D_Isnt_Enough\" >Etkililik Fakt\u00f6r\u00fc: \u201cG\u00fcvenli\u201d Olmak Yeterli Olmad\u0131\u011f\u0131nda<\/a><\/li><\/ul><\/li><li class='ez-toc-page-1 ez-toc-heading-level-2'><a class=\"ez-toc-link ez-toc-heading-7\" href=\"https:\/\/collagensei.com\/tr\/does-collagen-powder-expire\/#Factors_That_Accelerate_Collagen_Degradation\" >Kolajen Bozulmas\u0131n\u0131 H\u0131zland\u0131ran Fakt\u00f6rler<\/a><ul class='ez-toc-list-level-3' ><li class='ez-toc-heading-level-3'><a class=\"ez-toc-link ez-toc-heading-8\" href=\"https:\/\/collagensei.com\/tr\/does-collagen-powder-expire\/#The_Humidity_Trap_Moisture_as_the_Primary_Enemy\" >Nem Tuza\u011f\u0131: Birincil D\u00fc\u015fman Olarak Nem<\/a><\/li><li class='ez-toc-page-1 ez-toc-heading-level-3'><a class=\"ez-toc-link ez-toc-heading-9\" href=\"https:\/\/collagensei.com\/tr\/does-collagen-powder-expire\/#Heat_Sensitivity_Breaking_the_Peptide_Bonds\" >Is\u0131ya Duyarl\u0131l\u0131k: Peptit Ba\u011flar\u0131n\u0131n K\u0131r\u0131lmas\u0131<\/a><\/li><li class='ez-toc-page-1 ez-toc-heading-level-3'><a class=\"ez-toc-link ez-toc-heading-10\" href=\"https:\/\/collagensei.com\/tr\/does-collagen-powder-expire\/#Light_Exposure_and_Oxidation\" >I\u015f\u0131\u011fa Maruz Kalma ve Oksidasyon<\/a><\/li><li class='ez-toc-page-1 ez-toc-heading-level-3'><a class=\"ez-toc-link ez-toc-heading-11\" href=\"https:\/\/collagensei.com\/tr\/does-collagen-powder-expire\/#Source_Material_and_Processing_Quality\" >Kaynak Malzeme ve \u0130\u015fleme Kalitesi<\/a><\/li><\/ul><\/li><li class='ez-toc-page-1 ez-toc-heading-level-2'><a class=\"ez-toc-link ez-toc-heading-12\" href=\"https:\/\/collagensei.com\/tr\/does-collagen-powder-expire\/#How_to_Maximize_Collagen_Longevity\" >Kolajen Uzun \u00d6m\u00fcrl\u00fcl\u00fc\u011f\u00fc Nas\u0131l En \u00dcst D\u00fczeye \u00c7\u0131kar\u0131l\u0131r<\/a><ul class='ez-toc-list-level-3' ><li class='ez-toc-heading-level-3'><a class=\"ez-toc-link ez-toc-heading-13\" href=\"https:\/\/collagensei.com\/tr\/does-collagen-powder-expire\/#The_%E2%80%9CCool_Dry_Dark%E2%80%9D_Golden_Rule\" >\u201cSerin, Kuru, Karanl\u0131k\u201d Alt\u0131n Kural\u0131<\/a><\/li><li class='ez-toc-page-1 ez-toc-heading-level-3'><a class=\"ez-toc-link ez-toc-heading-14\" href=\"https:\/\/collagensei.com\/tr\/does-collagen-powder-expire\/#Master_the_Seal\" >M\u00fch\u00fcrde Ustala\u015f\u0131n<\/a><\/li><li class='ez-toc-page-1 ez-toc-heading-level-3'><a class=\"ez-toc-link ez-toc-heading-15\" href=\"https:\/\/collagensei.com\/tr\/does-collagen-powder-expire\/#The_%E2%80%9CDry_Scoop%E2%80%9D_Protocol\" >\u201cKuru Kep\u00e7e\u201d Protokol\u00fc<\/a><\/li><\/ul><\/li><li class='ez-toc-page-1 ez-toc-heading-level-2'><a class=\"ez-toc-link ez-toc-heading-16\" href=\"https:\/\/collagensei.com\/tr\/does-collagen-powder-expire\/#Choosing_the_Right_Collagen_A_Brand_Selection_Guide\" >Do\u011fru Kolajeni Se\u00e7mek: Marka Se\u00e7im Rehberi<\/a><\/li><li class='ez-toc-page-1 ez-toc-heading-level-2'><a class=\"ez-toc-link ez-toc-heading-17\" href=\"https:\/\/collagensei.com\/tr\/does-collagen-powder-expire\/#FAQs\" >SSS<\/a><\/li><li class='ez-toc-page-1 ez-toc-heading-level-2'><a class=\"ez-toc-link ez-toc-heading-18\" href=\"https:\/\/collagensei.com\/tr\/does-collagen-powder-expire\/#Conclusion\" >Sonu\u00e7<\/a><\/li><li class='ez-toc-page-1 ez-toc-heading-level-2'><a class=\"ez-toc-link ez-toc-heading-19\" href=\"https:\/\/collagensei.com\/tr\/does-collagen-powder-expire\/#references\" >referanslar<\/a><\/li><\/ul><\/nav><\/div>\n\n\n\n\n<div class=\"wp-block-uagb-image uagb-block-275d4320 wp-block-uagb-image--layout-default wp-block-uagb-image--effect-static wp-block-uagb-image--align-none\"><figure class=\"wp-block-uagb-image__figure\"><img loading=\"lazy\" decoding=\"async\" srcset=\"https:\/\/collagensei.com\/wp-content\/uploads\/2026\/04\/does-collagen-powder-expire_.webp ,https:\/\/collagensei.com\/wp-content\/uploads\/2026\/04\/does-collagen-powder-expire_.webp 780w, https:\/\/collagensei.com\/wp-content\/uploads\/2026\/04\/does-collagen-powder-expire_.webp 360w\" sizes=\"auto, (max-width: 480px) 150px\" src=\"https:\/\/collagensei.com\/wp-content\/uploads\/2026\/04\/does-collagen-powder-expire_.webp\" alt=\"kolajen tozunun son kullanma tari\u0307hi\u0307\" class=\"uag-image-18525\" width=\"1000\" height=\"562\" title=\"kolajen tozunun son kullanma tari\u0307hi\u0307\" role=\"img\"\/><\/figure><\/div>\n\n\n\n<p>Kolajen olduk\u00e7a stabil bir protein olsa da \u00f6l\u00fcms\u00fcz de\u011fildir. \u0130ster g\u00fcnl\u00fck kullan\u0131c\u0131 ister ara s\u0131ra kullanan biri olun, \u201cson kullanma tarihi\u201d ile ger\u00e7ek bozulma aras\u0131ndaki fark\u0131 anlamak hem g\u00fcvenli\u011finiz hem de sonu\u00e7lar\u0131n\u0131z i\u00e7in \u00e7ok \u00f6nemlidir. Bu kapsaml\u0131 k\u0131lavuzda, kolajen raf \u00f6mr\u00fc bilimini, bozulman\u0131n belirtilerini nas\u0131l tespit edece\u011finizi ve biyoaktif peptitlerinizin g\u00fcc\u00fcn\u00fc koruyan profesyonel depolama s\u0131rlar\u0131n\u0131 inceleyece\u011fiz. E\u011fer o eski kab\u0131n hala bir ka\u015f\u0131k de\u011ferinde olup olmad\u0131\u011f\u0131n\u0131 merak ettiyseniz, bunu \u00f6\u011frenmek i\u00e7in do\u011fru yerdesiniz.<\/p>\n\n\n\n<h2 class=\"wp-block-heading\"><span class=\"ez-toc-section\" id=\"Does_Collagen_Powder_Expire_The_Direct_Answer\"><\/span>Kolajen Tozunun Son Kullanma Tarihi Ge\u00e7er mi? (Do\u011frudan Cevap)<span class=\"ez-toc-section-end\"><\/span><\/h2>\n\n\n\n<p id=\"p-rc_68ddee1dc4141c14-19\">K\u0131sa cevap evet, kolajen tozunun son kullanma tarihi ge\u00e7ebilir, ancak genellikle rafa dayan\u0131kl\u0131 bir takviyedir. Taze \u00fcr\u00fcn veya s\u00fct \u00fcr\u00fcnlerinin aksine, kolajen genellikle son kullanma tarihinden bir g\u00fcn sonra \u201ctoksik\u201d hale gelmez. Bunun yerine, kalite ve besin g\u00fcc\u00fc a\u00e7\u0131s\u0131ndan yava\u015f bir d\u00fc\u015f\u00fc\u015fe u\u011frar.<\/p>\n\n\n\n<div id=\"gensei-table-container\">\n    <style>\n        #gensei-table-container {\n            padding: 40px;\n            font-family: 'Segoe UI', Roboto, Helvetica, Arial, sans-serif;\n            color: #2d3436;\n            line-height: 1.6;\n            background-color: #ffffff;\n            border: 1px solid #f1f3f5;\n            margin: 20px 0;\n        }\n        #gensei-table-container .accent-bar {\n            width: 60px;\n            height: 4px;\n            background-color: #1a1a1a;\n            margin-bottom: 20px;\n        }\n        #gensei-table-container h1 {\n            \/* Increased to 18pt for prominent visibility *\/\n            font-size: 18pt; \n            color: #1a1a1a;\n            margin-bottom: 15px;\n            letter-spacing: -0.5px;\n            font-weight: 600;\n            line-height: 1.2;\n        }\n        #gensei-table-container .description {\n            font-size: 12pt;\n            color: #4a4a4a;\n            margin-bottom: 30px;\n        }\n        #gensei-table-container table {\n            width: 100%;\n            border-collapse: collapse;\n            background-color: #fff;\n            box-shadow: 0 4px 15px rgba(0,0,0,0.05);\n            border-radius: 8px;\n            overflow: hidden;\n        }\n        #gensei-table-container thead {\n            background-color: #1a1a1a;\n            color: #ffffff;\n        }\n        #gensei-table-container th {\n            text-align: left;\n            padding: 18px 24px;\n            font-size: 10pt;\n            text-transform: uppercase;\n            letter-spacing: 1px;\n            font-weight: 600;\n        }\n        #gensei-table-container td {\n            padding: 20px 24px;\n            border-bottom: 1px solid #f1f3f5;\n            font-size: 11pt;\n        }\n        #gensei-table-container .source-cell, \n        #gensei-table-container .timeline-cell {\n            font-weight: 400;\n        }\n        #gensei-table-container .timeline-cell {\n            color: #0984e3;\n        }\n        #gensei-table-container .variance-cell {\n            color: #636e72;\n            font-style: italic;\n        }\n        #gensei-table-container .footer-note {\n            margin-top: 30px;\n            font-size: 9pt;\n            color: #b2bec3;\n            text-align: center;\n        }\n    <\/style>\n\n    <div class=\"accent-bar\"><\/div>\n    <h1>Standart Zaman \u00c7izelgesi<\/h1>\n    \n    <p class=\"description\">\n        Piyasada bulunan kolajen tozlar\u0131n\u0131n \u00e7o\u011fu 18 ay ile 5 y\u0131l aras\u0131nda de\u011fi\u015fen bir raf \u00f6mr\u00fcne sahiptir. Bu s\u00fcre hammaddenin kayna\u011f\u0131na, sofistike i\u015fleme metodolojilerine ve spesifik form\u00fclasyon mimarisine ba\u011fl\u0131d\u0131r.\n    <\/p>\n\n    <table>\n        <thead>\n            <tr>\n                <th>Kolajen Kayna\u011f\u0131<\/th>\n                <th>Tipik Raf \u00d6mr\u00fc<\/th>\n                <th>Farkl\u0131l\u0131k Nedeni<\/th>\n            <\/tr>\n        <\/thead>\n        <tbody>\n            <tr>\n                <td class=\"source-cell\">S\u0131\u011f\u0131r Kolajeni<\/td>\n                <td class=\"timeline-cell\">2 - 5 Y\u0131l<\/td>\n                <td class=\"variance-cell\">Son derece kararl\u0131 protein yap\u0131s\u0131; optimize edilmi\u015f d\u00fc\u015f\u00fck nem i\u00e7eri\u011fi.<\/td>\n            <\/tr>\n            <tr>\n                <td class=\"source-cell\">Deniz Kolajeni<\/td>\n                <td class=\"timeline-cell\">1,5 - 3 Y\u0131l<\/td>\n                <td class=\"variance-cell\">Oksidasyona kar\u015f\u0131 daha y\u00fcksek hassasiyet; hassas i\u015fleme gerektirir.<\/td>\n            <\/tr>\n            <tr>\n                <td class=\"source-cell\">Aromal\u0131 Kar\u0131\u015f\u0131mlar<\/td>\n                <td class=\"timeline-cell\">1 - 2 Y\u0131l<\/td>\n                <td class=\"variance-cell\">Stevia veya kakao gibi katk\u0131 maddeleri, \u00e7ekirdek kolajen peptitlerinden daha h\u0131zl\u0131 bozulur.<\/td>\n            <\/tr>\n        <\/tbody>\n    <\/table>\n\n    <div class=\"footer-note\">\n        \u00a9 2026 Gensei Hammaddeler B\u00f6l\u00fcm\u00fc - Teknik Dok\u00fcmantasyon\n    <\/div>\n<\/div>\n\n\n\n<h3 class=\"wp-block-heading\"><span class=\"ez-toc-section\" id=\"Expiration_Date_vs_%E2%80%9CBest-By%E2%80%9D_Date\"><\/span>Son Kullanma Tarihi vs \u201cSon Kullanma Tarihi\u201d<span class=\"ez-toc-section-end\"><\/span><\/h3>\n\n\n\n<p>Etikete yak\u0131ndan bakmak \u00f6nemlidir. \u00c7o\u011fu \u00fcretici, kesin bir son kullanma tarihi yerine \u201cSon Kullanma Tarihi\u201d veya \u201cSon Kullanmadan \u00d6nce\u201d tarihi kullan\u0131r.<\/p>\n\n\n\n<ul class=\"wp-block-list\">\n<li><strong>Son Kullanma Tarihi:<\/strong> Bu, \u00fcreticinin \u00fcr\u00fcn\u00fcn en y\u00fcksek kalitede ne kadar s\u00fcre kalaca\u011f\u0131na dair tahminidir. Bu tarihten sonra kolajen \u00e7\u00f6z\u00fcn\u00fcrl\u00fc\u011f\u00fcn\u00fc (kahvenizde ne kadar iyi \u00e7\u00f6z\u00fcnd\u00fc\u011f\u00fc) ve biyoaktivitesini (v\u00fccudunuzun peptitleri ne kadar etkili kullanabildi\u011fi) kaybetmeye ba\u015flayabilir.<\/li>\n\n\n\n<li><strong>Son kullanma tarihi:<\/strong> Bu daha kat\u0131 bir g\u00fcvenlik k\u0131lavuzudur. Bir \u00fcr\u00fcn\u00fcn resmi \u201cEXP\u201d tarihi ge\u00e7mi\u015fse, nem kaynakl\u0131 bakteri \u00fcremesi veya kimyasal bozulma riski artar ve genellikle en iyisi \u00fcr\u00fcn\u00fc atmakt\u0131r.<\/li>\n<\/ul>\n\n\n\n<h3 class=\"wp-block-heading\"><span class=\"ez-toc-section\" id=\"Why_Is_Collagen_So_Stable\"><\/span>Kolajen Neden Bu Kadar Stabil?<span class=\"ez-toc-section-end\"><\/span><\/h3>\n\n\n\n<p id=\"p-rc_68ddee1dc4141c14-20\">Kolajen \u00f6z\u00fcnde yap\u0131sal bir proteindir. Toz formunda (hidrolize kolajen), onu daha k\u00fc\u00e7\u00fck peptitlere ay\u0131ran ve nemi gideren bir i\u015flemden ge\u00e7irilmi\u015ftir. Nem olmadan, mikrobiyal b\u00fcy\u00fcme veya enzimatik esmerle\u015fme gibi tipik olarak g\u0131dalar\u0131n bozulmas\u0131na neden olan kimyasal reaksiyonlar \u00f6nemli \u00f6l\u00e7\u00fcde yava\u015flar.<\/p>\n\n\n\n<p>Ancak \u201cstabil\u201d demek \u201cyenilmez\u201d demek de\u011fildir. Zamanla, amino asit ba\u011flar\u0131, \u00f6zellikle de \u00e7evresel stres fakt\u00f6rlerine maruz kald\u0131\u011f\u0131nda zay\u0131flayabilir. Bir ka\u015f\u0131k 2 ayl\u0131k \u201cson kullanma tarihi ge\u00e7mi\u015f\u201d kolajenin bir sa\u011fl\u0131k krizine neden olmas\u0131 pek olas\u0131 olmasa da, \u00f6dedi\u011finiz paran\u0131n kar\u015f\u0131l\u0131\u011f\u0131n\u0131 ayn\u0131 \u201c\u0131\u015f\u0131lt\u0131l\u0131\u201d sonu\u00e7larla vermeyecektir.<\/p>\n\n\n\n<h2 class=\"wp-block-heading\"><span class=\"ez-toc-section\" id=\"How_to_Tell_if_Your_Collagen_Has_Gone_Bad\"><\/span>Kolajeninizin K\u00f6t\u00fcye Gitti\u011fini Nas\u0131l Anlars\u0131n\u0131z?<span class=\"ez-toc-section-end\"><\/span><\/h2>\n\n\n\n<div class=\"wp-block-uagb-image uagb-block-67c3b9c8 wp-block-uagb-image--layout-default wp-block-uagb-image--effect-static wp-block-uagb-image--align-none\"><figure class=\"wp-block-uagb-image__figure\"><img loading=\"lazy\" decoding=\"async\" srcset=\"https:\/\/collagensei.com\/wp-content\/uploads\/2026\/04\/How-to-Tell-if-Your-Collagen-Has-Gone-Bad.webp ,https:\/\/collagensei.com\/wp-content\/uploads\/2026\/04\/How-to-Tell-if-Your-Collagen-Has-Gone-Bad.webp 780w, https:\/\/collagensei.com\/wp-content\/uploads\/2026\/04\/How-to-Tell-if-Your-Collagen-Has-Gone-Bad.webp 360w\" sizes=\"auto, (max-width: 480px) 150px\" src=\"https:\/\/collagensei.com\/wp-content\/uploads\/2026\/04\/How-to-Tell-if-Your-Collagen-Has-Gone-Bad.webp\" alt=\"Kolajeninizin K\u00f6t\u00fcye Gitti\u011fini Nas\u0131l Anlars\u0131n\u0131z?\" class=\"uag-image-18542\" width=\"1000\" height=\"562\" title=\"Kolajeninizin K\u00f6t\u00fcye Gitti\u011fini Nas\u0131l Anlars\u0131n\u0131z?\" role=\"img\"\/><\/figure><\/div>\n\n\n\n<p>\u201cSon Kullanma Tarihi\u201d ge\u00e7mi\u015f bir kap bulduysan\u0131z, ilk hareketiniz \u00e7\u00f6p kutusu de\u011fil, duyusal bir inceleme olmal\u0131d\u0131r. Kolajen kuru, i\u015flenmi\u015f bir protein oldu\u011fu i\u00e7in et gibi \u201c\u00e7\u00fcr\u00fcmez\u201d, ancak bozulur. \u0130\u015fte kolajen tozunuzun resmi olarak \u00f6mr\u00fcn\u00fcn sonuna ula\u015ft\u0131\u011f\u0131n\u0131 g\u00f6steren \u00fc\u00e7 ana k\u0131rm\u0131z\u0131 bayrak.<\/p>\n\n\n\n<h3 class=\"wp-block-heading\"><span class=\"ez-toc-section\" id=\"Sensory_Indicators_The_%E2%80%9CLook_Smell_and_Touch%E2%80%9D_Test\"><\/span>Duyusal G\u00f6stergeler: \u201cBak, Kokla ve Dokun\u201d Testi<span class=\"ez-toc-section-end\"><\/span><\/h3>\n\n\n\n<ul class=\"wp-block-list\">\n<li><strong>Nem Y\u0131\u011f\u0131n\u0131:<\/strong> Y\u00fcksek kaliteli kolajen ince, serbest ak\u0131\u015fl\u0131 bir toz olmal\u0131d\u0131r. Kapa\u011f\u0131 a\u00e7t\u0131\u011f\u0131n\u0131zda b\u00fcy\u00fck, sert topaklar g\u00f6r\u00fcrseniz veya toz kat\u0131 bir \u201ctu\u011flaya\u201d d\u00f6n\u00fc\u015fm\u00fc\u015fse, kab\u0131n i\u00e7ine nem girmi\u015f demektir. Nem, k\u00fcf ve bakteriler i\u00e7in bir ge\u00e7ittir, bu nedenle toz kuru ve gev\u015fek de\u011filse, b\u0131rakma zaman\u0131 gelmi\u015ftir.<\/li>\n\n\n\n<li><strong>\u201cOff\u201d Kokusu:<\/strong> Saf hidrolize kolajen neredeyse kokusuzdur veya \u00e7ok hafif, n\u00f6tr bir kokuya sahiptir. E\u011fer ek\u015fi, \u201ckorkak\u201d veya eski kartonu and\u0131ran bir koku al\u0131rsan\u0131z, amino asitler oksitlenmeye ba\u015flam\u0131\u015f veya nem mikrobiyal aktiviteyi tetiklemi\u015f olabilir.<\/li>\n\n\n\n<li><strong>G\u00f6rsel Renk De\u011fi\u015fikli\u011fi:<\/strong> Taze kolajen tipik olarak beyaz veya kirli beyazd\u0131r. Sararma, kahverengile\u015fme veya en \u00f6nemlisi k\u00fc\u00e7\u00fck koyu veya ye\u015fil lekeler (k\u00fcf sporlar\u0131) fark ederseniz, t\u00fcm kab\u0131 derhal at\u0131n.<\/li>\n<\/ul>\n\n\n\n<h3 class=\"wp-block-heading\"><span class=\"ez-toc-section\" id=\"The_Efficacy_Factor_When_%E2%80%9CSafe%E2%80%9D_Isnt_Enough\"><\/span>Etkililik Fakt\u00f6r\u00fc: \u201cG\u00fcvenli\u201d Olmak Yeterli Olmad\u0131\u011f\u0131nda<span class=\"ez-toc-section-end\"><\/span><\/h3>\n\n\n\n<p>Bazen kolajen koku ve g\u00f6r\u00fcn\u00fcm testini ge\u00e7ebilir ancak yine de performans a\u00e7\u0131s\u0131ndan \u201ck\u00f6t\u00fc\u201d olabilir. Bu biyoaktivite kayb\u0131 olarak bilinir.<\/p>\n\n\n\n<p>Kolajen ya\u015fland\u0131k\u00e7a, onu \u201cbiyoaktif\u201d (yani v\u00fccudunuzun emmesi ve cilt veya eklem onar\u0131m\u0131 i\u00e7in kullanmas\u0131 kolay) yapan peptit ba\u011flar\u0131 yava\u015f yava\u015f par\u00e7alanabilir. Tozun t\u00fcketilmesi teknik olarak g\u00fcvenli olsa bile, bu durum daha da k\u00f6t\u00fcle\u015febilir:<\/p>\n\n\n\n<ol start=\"1\" class=\"wp-block-list\">\n<li><strong>Daha Az \u00c7\u00f6z\u00fcn\u00fcr:<\/strong> Sabah kahvenizde veya smoothie'nizde tamamen \u00e7\u00f6z\u00fcnmez, tanecikli veya jelatinimsi bir kal\u0131nt\u0131 b\u0131rak\u0131r.<\/li>\n\n\n\n<li><strong>Beslenme a\u00e7\u0131s\u0131ndan etkisizdir:<\/strong> V\u00fccudunuzun kendi kolajen \u00fcretimini tetikleyen belirli amino asit dizileri hasar g\u00f6rebilir ve takviyeyi etkisiz hale getirebilir.<\/li>\n<\/ol>\n\n\n\n<blockquote class=\"wp-block-quote is-layout-flow wp-block-quote-is-layout-flow\">\n<p><strong>Uzman \u0130pucu:<\/strong> Kolajeniniz oda s\u0131cakl\u0131\u011f\u0131ndaki suda h\u0131zl\u0131 bir \u015fekilde \u00e7\u00f6z\u00fcnme \u00f6zelli\u011fini kaybetmi\u015fse, bu molek\u00fcler yap\u0131n\u0131n de\u011fi\u015fti\u011fine dair g\u00fc\u00e7l\u00fc bir i\u015farettir ve muhtemelen arad\u0131\u011f\u0131n\u0131z sa\u011fl\u0131k sonu\u00e7lar\u0131n\u0131 g\u00f6remezsiniz.<\/p>\n<\/blockquote>\n\n\n\n<div id=\"spoilage-summary-container\">\n    <style>\n        #spoilage-summary-container {\n            padding: 40px;\n            font-family: 'Segoe UI', Roboto, Helvetica, Arial, sans-serif;\n            color: #2d3436;\n            line-height: 1.6;\n            background-color: #ffffff;\n            border: 1px solid #f1f3f5;\n            margin: 20px 0;\n            border-radius: 4px;\n        }\n        #spoilage-summary-container .status-bar {\n            width: 60px;\n            height: 4px;\n            background-color: #000000; \/* Bar color changed to black *\/\n            margin-bottom: 20px;\n        }\n        #spoilage-summary-container .table-title {\n            \/* Restyled as a specific class rather than an H2 tag *\/\n            font-size: 18pt;\n            color: #1a1a1a;\n            margin-bottom: 15px;\n            letter-spacing: -0.5px;\n            font-weight: 600;\n            line-height: 1.2;\n            display: block; \/* Ensures h2-like block behavior *\/\n        }\n        #spoilage-summary-container .intro-text {\n            font-size: 11pt;\n            color: #636e72;\n            margin-bottom: 25px;\n            font-style: italic;\n        }\n        #spoilage-summary-container table {\n            width: 100%;\n            border-collapse: collapse;\n            background-color: #fff;\n            box-shadow: 0 10px 30px rgba(0,0,0,0.03);\n            border-radius: 8px;\n            overflow: hidden;\n            border: 1px solid #eee;\n        }\n        #spoilage-summary-container thead {\n            background-color: #2d3436;\n            color: #ffffff;\n        }\n        #spoilage-summary-container th {\n            text-align: left;\n            padding: 16px 20px;\n            font-size: 9pt;\n            text-transform: uppercase;\n            letter-spacing: 1.5px;\n            font-weight: 600;\n        }\n        #spoilage-summary-container td {\n            padding: 18px 20px;\n            border-bottom: 1px solid #f1f3f5;\n            font-size: 10.5pt;\n        }\n        #spoilage-summary-container tr:last-child td {\n            border-bottom: none;\n        }\n        \/* Column Specifics *\/\n        #spoilage-summary-container .sign-col {\n            font-weight: 600;\n            color: #2d3436;\n            width: 25%;\n        }\n        #spoilage-summary-container .meaning-col {\n            color: #636e72;\n            width: 40%;\n        }\n        #spoilage-summary-container .action-col {\n            width: 35%;\n        }\n        \/* Action Badges *\/\n        #spoilage-summary-container .badge {\n            display: inline-block;\n            padding: 4px 10px;\n            border-radius: 4px;\n            font-size: 9pt;\n            font-weight: 700;\n            text-transform: uppercase;\n            margin-right: 5px;\n        }\n        #spoilage-summary-container .badge-discard {\n            background-color: #fff0f0;\n            color: #d63031;\n            border: 1px solid #ffcfcf;\n        }\n        #spoilage-summary-container .badge-replace {\n            background-color: #fff9db;\n            color: #f59f00;\n            border: 1px solid #ffe066;\n        }\n        #spoilage-summary-container .context-note {\n            font-size: 9.5pt;\n            color: #636e72;\n        }\n    <\/style>\n\n    <div class=\"status-bar\"><\/div>\n    <span class=\"table-title\">Bozulma \u00d6zet Tablosu<\/span>\n    <p class=\"intro-text\">Kolajen peptitlerinizin b\u00fct\u00fcnl\u00fc\u011f\u00fcn\u00fc de\u011ferlendirmek i\u00e7in bu duyusal g\u00f6stergeleri kullan\u0131n.<\/p>\n\n    <table>\n        <thead>\n            <tr>\n                <th>Bozulma Belirtisi<\/th>\n                <th>Ne anlama geliyor<\/th>\n                <th>Eylem Gerekli<\/th>\n            <\/tr>\n        <\/thead>\n        <tbody>\n            <tr>\n                <td class=\"sign-col\">Sert Topaklar<\/td>\n                <td class=\"meaning-col\">Nem giri\u015fi<\/td>\n                <td class=\"action-col\">\n                    <span class=\"badge badge-discard\">Iskarta<\/span>\n                    <span class=\"context-note\">(K\u00fcflenme riski)<\/span>\n                <\/td>\n            <\/tr>\n            <tr>\n                <td class=\"sign-col\">Sararma<\/td>\n                <td class=\"meaning-col\">Oksidasyon \/ Kimyasal ya\u015flanma<\/td>\n                <td class=\"action-col\">\n                    <span class=\"badge badge-discard\">Iskarta<\/span>\n                    <span class=\"context-note\">(D\u00fc\u015f\u00fck etkinlik)<\/span>\n                <\/td>\n            <\/tr>\n            <tr>\n                <td class=\"sign-col\">Ek\u015fi Koku<\/td>\n                <td class=\"meaning-col\">Bakteri \u00fcremesi \/ Ek\u015fime<\/td>\n                <td class=\"action-col\">\n                    <span class=\"badge badge-discard\">Iskarta<\/span>\n                    <span class=\"context-note\">(G\u00fcvenlik riski)<\/span>\n                <\/td>\n            <\/tr>\n            <tr>\n                <td class=\"sign-col\">Cesur Doku<\/td>\n                <td class=\"meaning-col\">Zay\u0131f \u00e7\u00f6z\u00fcn\u00fcrl\u00fck \/ Bozunma<\/td>\n                <td class=\"action-col\">\n                    <span class=\"badge badge-replace\">De\u011fi\u015ftirin<\/span>\n                    <span class=\"context-note\">(Etkisiz)<\/span>\n                <\/td>\n            <\/tr>\n        <\/tbody>\n    <\/table>\n<\/div>\n\n\n\n<h2 class=\"wp-block-heading\"><span class=\"ez-toc-section\" id=\"Factors_That_Accelerate_Collagen_Degradation\"><\/span>Kolajen Bozulmas\u0131n\u0131 H\u0131zland\u0131ran Fakt\u00f6rler<span class=\"ez-toc-section-end\"><\/span><\/h2>\n\n\n\n<p>Y\u00fcksek kaliteli kolajen rafa dayan\u0131kl\u0131 olacak \u015fekilde tasarlanm\u0131\u015f olsa da \u00e7evresel stres fakt\u00f6rlerine kar\u015f\u0131 ba\u011f\u0131\u015f\u0131k de\u011fildir. Biyoaktif kolajenin bozulmas\u0131na neyin neden oldu\u011funu anlamak, takviyenizin son kep\u00e7eye kadar etkili kalmas\u0131n\u0131 sa\u011flaman\u0131n ilk ad\u0131m\u0131d\u0131r. Birka\u00e7 temel fakt\u00f6r, bozulma i\u00e7in kataliz\u00f6r g\u00f6revi g\u00f6r\u00fcr ve d\u00fczg\u00fcn bir \u015fekilde y\u00f6netilmezse genellikle \u201cson kullanma tarihi\u201d penceresini \u00f6nemli \u00f6l\u00e7\u00fcde k\u0131salt\u0131r.<\/p>\n\n\n\n<h3 class=\"wp-block-heading\"><span class=\"ez-toc-section\" id=\"The_Humidity_Trap_Moisture_as_the_Primary_Enemy\"><\/span>Nem Tuza\u011f\u0131: Birincil D\u00fc\u015fman Olarak Nem<span class=\"ez-toc-section-end\"><\/span><\/h3>\n\n\n\n<p>Nem, herhangi bir \u00fcr\u00fcn i\u00e7in en y\u0131k\u0131c\u0131 g\u00fc\u00e7t\u00fcr. <a class=\"wpil_keyword_link\" href=\"https:\/\/collagensei.com\/tr\/kategori\/toz-protein-takviyesi\/\" target=\"_blank\"  rel=\"noopener\" title=\"Toz Protein Takviyesi\" data-wpil-keyword-link=\"linked\"  data-wpil-monitor-id=\"2296\">toz takviye<\/a>. Kolajen peptitler higroskopiktir, yani do\u011fal olarak \u00e7evreleyen havadaki su molek\u00fcllerini \u00e7eker ve tutar.<\/p>\n\n\n\n<ul class=\"wp-block-list\">\n<li><strong>Mikrobiyal B\u00fcy\u00fcme:<\/strong> Az miktarda nem bile bakteri ve k\u00fcf\u00fcn geli\u015febilece\u011fi bir ortam yaratabilir.<\/li>\n\n\n\n<li><strong>Aglomerasyon:<\/strong> Nem, ince tozun bir araya toplanmas\u0131na (aglomera) neden olur, bu da y\u00fczey alan\u0131n\u0131 fiziksel olarak de\u011fi\u015ftirir ve kolajenin s\u0131v\u0131larda ne kadar iyi \u00e7\u00f6z\u00fcnd\u00fc\u011f\u00fcn\u00fc azalt\u0131r.<\/li>\n<\/ul>\n\n\n\n<h3 class=\"wp-block-heading\"><span class=\"ez-toc-section\" id=\"Heat_Sensitivity_Breaking_the_Peptide_Bonds\"><\/span>Is\u0131ya Duyarl\u0131l\u0131k: Peptit Ba\u011flar\u0131n\u0131n K\u0131r\u0131lmas\u0131<span class=\"ez-toc-section-end\"><\/span><\/h3>\n\n\n\n<p>Kolajeninizi bir soban\u0131n \u00fczerinde veya s\u0131cak bir arabada saklamak gibi y\u00fcksek s\u0131cakl\u0131klara maruz kalmak, proteinin yap\u0131sal b\u00fct\u00fcnl\u00fc\u011f\u00fcn\u00fc tehlikeye atabilir.<\/p>\n\n\n\n<ul class=\"wp-block-list\">\n<li><strong>Denat\u00fcrasyon:<\/strong> Hidrolize kolajen zaten peptitlere \u201cpar\u00e7alanm\u0131\u015f\u201d olsa da, a\u015f\u0131r\u0131 \u0131s\u0131 amino asitlerin biyoaktivitesini azaltabilecek daha fazla kimyasal de\u011fi\u015fikli\u011fe neden olabilir.<\/li>\n\n\n\n<li><strong>H\u0131zland\u0131r\u0131lm\u0131\u015f Ya\u015flanma:<\/strong> S\u0131cakl\u0131ktaki her 10\u00b0C'lik art\u0131\u015f i\u00e7in kimyasal bozulma oran\u0131 tipik olarak iki kat\u0131na \u00e7\u0131kar. Kolajeninizi s\u0131cak bir ortamda tutmak, \u00fcr\u00fcn\u00fc takvimin \u00f6nerdi\u011finden daha h\u0131zl\u0131 \u201cya\u015fland\u0131r\u0131r\u201d.<\/li>\n<\/ul>\n\n\n\n<h3 class=\"wp-block-heading\"><span class=\"ez-toc-section\" id=\"Light_Exposure_and_Oxidation\"><\/span>I\u015f\u0131\u011fa Maruz Kalma ve Oksidasyon<span class=\"ez-toc-section-end\"><\/span><\/h3>\n\n\n\n<p>UV \u0131\u015f\u0131\u011f\u0131 ve s\u00fcrekli oksijene maruz kalma, oksidasyon ad\u0131 verilen bir s\u00fcrece yol a\u00e7abilir.<\/p>\n\n\n\n<ul class=\"wp-block-list\">\n<li><strong>UV Hasar\u0131:<\/strong> Kolajeniniz \u015feffaf veya yar\u0131 saydam bir kapta sat\u0131l\u0131yorsa, g\u00fcne\u015f \u0131\u015f\u0131\u011f\u0131 ambalaja n\u00fcfuz edebilir ve molek\u00fcler ba\u011flar\u0131 par\u00e7alayabilir.<\/li>\n\n\n\n<li><strong>Ek\u015fime:<\/strong> Kolajen \u00e7ok az ya\u011f i\u00e7erirken, kalan ya\u011flar veya eklenen aromalar (\u00e7ikolata veya vanilya gibi) havaya maruz kald\u0131\u011f\u0131nda oksitlenerek daha \u00f6nce bahsedilen \u201ck\u00f6t\u00fc\u201d koku ve tatlara yol a\u00e7abilir.<\/li>\n<\/ul>\n\n\n\n<h3 class=\"wp-block-heading\"><span class=\"ez-toc-section\" id=\"Source_Material_and_Processing_Quality\"><\/span>Kaynak Malzeme ve \u0130\u015fleme Kalitesi<span class=\"ez-toc-section-end\"><\/span><\/h3>\n\n\n\n<p>Bir \u00fcr\u00fcn\u00fcn temel stabilitesi genellikle \u00fcretim a\u015famas\u0131nda belirlenir. Kolajen hammaddesinin men\u015fei ve safl\u0131\u011f\u0131, zaman testine nas\u0131l dayanaca\u011f\u0131 konusunda b\u00fcy\u00fck bir rol oynar.<\/p>\n\n\n\n<ul class=\"wp-block-list\">\n<li><strong>Kaynak Farkl\u0131l\u0131klar\u0131:<\/strong> Genel olarak, s\u0131\u011f\u0131r kaynakl\u0131 kolajen, spesifik amino asit profili ve yo\u011funlu\u011fu nedeniyle deniz kaynakl\u0131 se\u00e7eneklerden biraz daha sa\u011flamd\u0131r.<\/li>\n\n\n\n<li><strong>\u0130\u015fleme Standartlar\u0131:<\/strong> \u00dcretim s\u0131ras\u0131nda titizlikle filtrelenen ve kurutulan y\u00fcksek safl\u0131ktaki kolajen do\u011fal olarak daha d\u00fc\u015f\u00fck nem i\u00e7eri\u011fine sahip olacakt\u0131r, bu da onu safs\u0131zl\u0131k veya dolgu maddeleri i\u00e7erebilen d\u00fc\u015f\u00fck dereceli alternatiflere g\u00f6re bozulmaya kar\u015f\u0131 \u00e7ok daha diren\u00e7li hale getirir.<\/li>\n<\/ul>\n\n\n\n<hr class=\"wp-block-separator has-alpha-channel-opacity\"\/>\n\n\n\n<div id=\"gensei-takeaway-container\">\n    <style>\n        #gensei-takeaway-container {\n            margin: 40px 0;\n            padding: 35px;\n            background-color: #fcfcfc;\n            border-left: 5px solid #1a1a1a;\n            font-family: 'Segoe UI', Roboto, Helvetica, Arial, sans-serif;\n            box-shadow: 0 4px 20px rgba(0,0,0,0.04);\n            border-radius: 0 8px 8px 0;\n        }\n\n        #gensei-takeaway-container .label {\n            display: inline-block;\n            \/* Label font size increased to 11pt *\/\n            font-size: 11pt; \n            font-weight: 700;\n            text-transform: uppercase;\n            letter-spacing: 2px;\n            color: #1a1a1a;\n            margin-bottom: 15px;\n            border-bottom: 1px solid #e1e8ed;\n            padding-bottom: 4px;\n        }\n\n        #gensei-takeaway-container .content {\n            font-size: 13pt;\n            color: #2d3436;\n            line-height: 1.7;\n            margin: 0;\n            font-weight: 400;\n        }\n\n        #gensei-takeaway-container .highlight {\n            color: #1a1a1a;\n            font-weight: 600;\n            background: linear-gradient(120deg, rgba(255, 255, 255, 0) 0%, rgba(255, 255, 255, 0) 50%, #fff9db 50%, #fff9db 100%);\n            background-size: 200% 100%;\n            padding: 0 4px;\n        }\n\n        #gensei-takeaway-container .footer-brand {\n            margin-top: 20px;\n            font-size: 10pt;\n            color: #b2bec3;\n            display: flex;\n            align-items: center;\n        }\n\n        #gensei-takeaway-container .footer-brand::before {\n            content: \"\";\n            width: 20px;\n            height: 1px;\n            background-color: #e1e8ed;\n            margin-right: 10px;\n        }\n    <\/style>\n\n    <span class=\"label\">Anahtar \u00c7\u0131kar\u0131mlar<\/span>\n    <p class=\"content\">\n        Kolajeninizin aylar de\u011fil de y\u0131llar boyunca dayanmas\u0131n\u0131 istiyorsan\u0131z, kolajeninizi \n        <span class=\"highlight\">\u201c\u00dc\u00e7 B\u00fcy\u00fckler\u201d: Nem, Is\u0131 ve I\u015f\u0131k.<\/span> \n        T\u00fcketici d\u00fczeyinde do\u011fru kullan\u0131m, \u00fcretim s\u00fcrecinde al\u0131nan titiz kalite kontrol \u00f6nlemleri kadar hayati \u00f6nem ta\u015f\u0131maktad\u0131r.\n    <\/p>\n    <div class=\"footer-brand\">Gensei Kalite G\u00fcvencesi<\/div>\n<\/div>\n\n\n\n<h2 class=\"wp-block-heading\"><span class=\"ez-toc-section\" id=\"How_to_Maximize_Collagen_Longevity\"><\/span>Kolajen Uzun \u00d6m\u00fcrl\u00fcl\u00fc\u011f\u00fc Nas\u0131l En \u00dcst D\u00fczeye \u00c7\u0131kar\u0131l\u0131r<span class=\"ez-toc-section-end\"><\/span><\/h2>\n\n\n\n<p>\u0130ster profesyonel bir ortamda birinci s\u0131n\u0131f kolajen hammaddesiyle \u00e7al\u0131\u015f\u0131yor olun, ister ki\u015fisel takviyenizden en iyi \u015fekilde yararlanmak istiyor olun, tozu nas\u0131l saklad\u0131\u011f\u0131n\u0131z, \u00fc\u00e7 ila be\u015f y\u0131ll\u0131k potansiyeline ula\u015f\u0131p ula\u015fmayaca\u011f\u0131n\u0131 veya zaman\u0131ndan \u00f6nce sona erip ermeyece\u011fini belirler Peptitlerinizin g\u00fcc\u00fcn\u00fc ve biyoaktivitesini korumak i\u00e7in bu profesyonel saklama protokollerini izleyin.<\/p>\n\n\n\n<h3 class=\"wp-block-heading\"><span class=\"ez-toc-section\" id=\"The_%E2%80%9CCool_Dry_Dark%E2%80%9D_Golden_Rule\"><\/span>\u201cSerin, Kuru, Karanl\u0131k\u201d Alt\u0131n Kural\u0131<span class=\"ez-toc-section-end\"><\/span><\/h3>\n\n\n\n<p>Kolajeninizi saklad\u0131\u011f\u0131n\u0131z ortam, onun uzun \u00f6m\u00fcrl\u00fc olmas\u0131ndaki en \u00f6nemli fakt\u00f6rd\u00fcr.<\/p>\n\n\n\n<ul class=\"wp-block-list\">\n<li><strong>Sakin ol:<\/strong> Kolajeninizi soba, bula\u015f\u0131k makinesi gibi \u0131s\u0131 \u00fcreten cihazlar\u0131n yak\u0131n\u0131nda veya buzdolab\u0131n\u0131n \u00fcst\u00fcnde saklamaktan ka\u00e7\u0131n\u0131n. Oda s\u0131cakl\u0131\u011f\u0131 (yakla\u015f\u0131k 20\u00b0C ila 25\u00b0C) idealdir.<\/li>\n\n\n\n<li><strong>Kuru kal:<\/strong> Kilerler, banyo dolaplar\u0131ndan veya lavabonun yak\u0131n\u0131ndaki mutfak tezgahlar\u0131ndan daha iyidir. Nem, pudra stabilitesinin sessiz katilidir; kaynayan bir tencereden \u00e7\u0131kan buhar bile topaklanmay\u0131 tetikleyecek kadar nem olu\u015fturabilir.<\/li>\n\n\n\n<li><strong>Karanl\u0131kta kal:<\/strong> Kolajeniniz \u015feffaf bir kapta geliyorsa, karanl\u0131k bir dolab\u0131n i\u00e7inde saklay\u0131n. I\u015f\u0131\u011fa maruz kalmak, zaman i\u00e7inde amino asit profilini bozan ince kimyasal reaksiyonlar\u0131 tetikleyebilir.<\/li>\n<\/ul>\n\n\n\n<h3 class=\"wp-block-heading\"><span class=\"ez-toc-section\" id=\"Master_the_Seal\"><\/span>M\u00fch\u00fcrde Ustala\u015f\u0131n<span class=\"ez-toc-section-end\"><\/span><\/h3>\n\n\n\n<p>Oksijen ve havadaki nem s\u00fcrekli olarak takviye kab\u0131n\u0131za girmeye \u00e7al\u0131\u015f\u0131r.<\/p>\n\n\n\n<ul class=\"wp-block-list\">\n<li><strong>\u201cYar\u0131m D\u00f6n\u00fc\u015f\u201d Tuza\u011f\u0131:<\/strong> Her kullan\u0131mdan sonra kapa\u011f\u0131n s\u0131k\u0131ca vidaland\u0131\u011f\u0131ndan emin olun. Hafif\u00e7e e\u011fik bir kapak, tozun \u00e7evredeki nemde \u201cnefes almas\u0131na\u201d izin verir.<\/li>\n\n\n\n<li><strong>Dikkatle transfer edin:<\/strong> Kolajeni d\u00f6kme torbalarda sat\u0131n al\u0131rsan\u0131z ve cam bir kavanoza ta\u015f\u0131may\u0131 tercih ederseniz, kavanozun <strong>hava ge\u00e7irmez<\/strong> (silikon conta aray\u0131n) ve transferden \u00f6nce tamamen kurutun.<\/li>\n<\/ul>\n\n\n\n<h3 class=\"wp-block-heading\"><span class=\"ez-toc-section\" id=\"The_%E2%80%9CDry_Scoop%E2%80%9D_Protocol\"><\/span>\u201cKuru Kep\u00e7e\u201d Protokol\u00fc<span class=\"ez-toc-section-end\"><\/span><\/h3>\n\n\n\n<p>\u00c7apraz kontaminasyon, bir konteyner i\u00e7inde lokalize bozulman\u0131n \u00f6nde gelen nedenidir.<\/p>\n\n\n\n<ul class=\"wp-block-list\">\n<li><strong>Asla Islak Kep\u00e7e Kullanmay\u0131n:<\/strong> Kahvenizi kar\u0131\u015ft\u0131rmak i\u00e7in kulland\u0131\u011f\u0131n\u0131z ka\u015f\u0131\u011f\u0131 kullanmak cazip gelebilir, ancak tek bir damla s\u0131v\u0131 bile tozda bir \u201ckal\u0131p \u00e7apas\u0131\u201d olu\u015fturabilir.<\/li>\n\n\n\n<li><strong>Kurutucuyu \u0130\u00e7eride B\u0131rak\u0131n:<\/strong> \u00c7o\u011fu y\u00fcksek kaliteli marka k\u00fc\u00e7\u00fck bir silika jel paketi i\u00e7erir. Bunu atmay\u0131n; g\u00f6revi kapa\u011f\u0131 a\u00e7t\u0131\u011f\u0131n\u0131zda kab\u0131n i\u00e7ine giren nemi emmektir.<\/li>\n<\/ul>\n\n\n\n<hr class=\"wp-block-separator has-alpha-channel-opacity\"\/>\n\n\n\n<div id=\"storage-reference-container\">\n    <style>\n        #storage-reference-container {\n            padding: 40px;\n            font-family: 'Segoe UI', Roboto, Helvetica, Arial, sans-serif;\n            color: #2d3436;\n            line-height: 1.6;\n            background-color: #ffffff;\n            border: 1px solid #e1e8ed;\n            margin: 20px 0;\n            border-radius: 8px;\n        }\n\n        #storage-reference-container .accent-line {\n            width: 40px;\n            height: 3px;\n            background-color: #000000;\n            margin-bottom: 15px;\n        }\n\n        #storage-reference-container .table-header-title {\n            \/* Adjusted to 18pt to match the Spoilage Summary Table title size *\/\n            font-size: 18pt;\n            color: #1a1a1a;\n            margin-bottom: 8px;\n            font-weight: 600;\n            display: block;\n            letter-spacing: -0.5px;\n            line-height: 1.2;\n        }\n\n        #storage-reference-container .table-subtitle {\n            font-size: 10pt;\n            color: #636e72;\n            text-transform: uppercase;\n            letter-spacing: 1px;\n            margin-bottom: 25px;\n            display: block;\n        }\n\n        #storage-reference-container table {\n            width: 100%;\n            border-collapse: collapse;\n            background-color: #fff;\n            border-radius: 8px;\n            overflow: hidden;\n            border: 1px solid #f1f3f5;\n        }\n\n        #storage-reference-container thead {\n            background-color: #f8f9fa;\n            border-bottom: 2px solid #e1e8ed;\n        }\n\n        #storage-reference-container th {\n            text-align: left;\n            padding: 15px 20px;\n            font-size: 9pt;\n            color: #2d3436;\n            text-transform: uppercase;\n            letter-spacing: 1px;\n            font-weight: 700;\n        }\n\n        #storage-reference-container td {\n            padding: 18px 20px;\n            border-bottom: 1px solid #f1f3f5;\n            font-size: 10.5pt;\n            vertical-align: top;\n        }\n\n        #storage-reference-container tr:last-child td {\n            border-bottom: none;\n        }\n\n        #storage-reference-container .habit-col {\n            font-weight: 600;\n            color: #0984e3;\n            width: 30%;\n        }\n\n        #storage-reference-container .matter-col {\n            color: #4a4a4a;\n            width: 70%;\n        }\n\n        #storage-reference-container .check-icon {\n            display: inline-block;\n            margin-right: 8px;\n            color: #00b894;\n            font-weight: bold;\n        }\n    <\/style>\n\n    <div class=\"accent-line\"><\/div>\n    <span class=\"table-header-title\">En \u0130yi Depolama Uygulamalar\u0131<\/span>\n    <span class=\"table-subtitle\">H\u0131zl\u0131 Referans K\u0131lavuzu<\/span>\n\n    <table>\n        <thead>\n            <tr>\n                <th>Depolama Al\u0131\u015fkanl\u0131\u011f\u0131<\/th>\n                <th>Neden \u00d6nemli?<\/th>\n            <\/tr>\n        <\/thead>\n        <tbody>\n            <tr>\n                <td class=\"habit-col\"><span class=\"check-icon\">\u2713<\/span> Kiler Raf\u0131<\/td>\n                <td class=\"matter-col\">Do\u011frudan g\u00fcne\u015f \u0131\u015f\u0131\u011f\u0131ndan ve mutfak \u0131s\u0131s\u0131ndan uzakta sabit, serin bir s\u0131cakl\u0131k sa\u011flar.<\/td>\n            <\/tr>\n            <tr>\n                <td class=\"habit-col\"><span class=\"check-icon\">\u2713<\/span> Hava Ge\u00e7irmez Kapak<\/td>\n                <td class=\"matter-col\">Kritik oksidasyonu \u00f6nler ve \u00e7evresel nemin kavanoza girmesini engeller.<\/td>\n            <\/tr>\n            <tr>\n                <td class=\"habit-col\"><span class=\"check-icon\">\u2713<\/span> \u00d6zel Kuru Kep\u00e7e<\/td>\n                <td class=\"matter-col\">Bakteriyel \u00e7apraz kontaminasyon veya \u0131slak kaplardan nem giri\u015fi riskini ortadan kald\u0131r\u0131r.<\/td>\n            <\/tr>\n            <tr>\n                <td class=\"habit-col\"><span class=\"check-icon\">\u2713<\/span> Orijinal Ambalaj<\/td>\n                <td class=\"matter-col\">\u00dcretici s\u0131n\u0131f\u0131 konteynerler genellikle UV \u0131\u015f\u0131nlar\u0131n\u0131 ve nemi engellemek i\u00e7in \u00f6zel olarak tasarlanm\u0131\u015ft\u0131r.<\/td>\n            <\/tr>\n        <\/tbody>\n    <\/table>\n<\/div>\n\n\n\n<blockquote class=\"wp-block-quote is-layout-flow wp-block-quote-is-layout-flow\">\n<p><strong>Profesyonel ipucu:<\/strong> Son derece nemli veya tropikal bir iklimde ya\u015f\u0131yorsan\u0131z, toplu kolajeninizi daha k\u00fc\u00e7\u00fck, hava ge\u00e7irmez kaplara b\u00f6l\u00fc\u015ft\u00fcrmeyi d\u00fc\u015f\u00fcn\u00fcn. Bu, her g\u00fcn sabah smoothie'nizi haz\u0131rlarken tedarikinizin \u00e7o\u011funun havaya maruz kalmamas\u0131n\u0131 sa\u011flar.<\/p>\n<\/blockquote>\n\n\n\n<h2 class=\"wp-block-heading\"><span class=\"ez-toc-section\" id=\"Choosing_the_Right_Collagen_A_Brand_Selection_Guide\"><\/span>Do\u011fru Kolajeni Se\u00e7mek: Marka Se\u00e7im Rehberi<span class=\"ez-toc-section-end\"><\/span><\/h2>\n\n\n\n<p>\u00d6zellikle raf stabilitesini y\u00fcksek performansl\u0131 sonu\u00e7larla dengeleyen bir \u00fcr\u00fcn ar\u0131yorsan\u0131z, takviye reyonunda gezinmek bunalt\u0131c\u0131 olabilir. Bir \u00fcr\u00fcn \u00fcst\u00fcn kolajen hammaddesi \u00fczerine in\u015fa edildi\u011finde, yaln\u0131zca daha uzun s\u00fcre dayanmakla kalmaz, ayn\u0131 zamanda v\u00fccudunuzun ihtiya\u00e7 duydu\u011fu biyoaktif faydalar\u0131 da sa\u011flar. 2026 y\u0131l\u0131nda kalite ve etkinlikleriyle tan\u0131nan en \u00fcst d\u00fczey markalardan baz\u0131lar\u0131, \u00f6zel sa\u011fl\u0131k hedeflerinize ve ya\u015fam tarz\u0131n\u0131za ba\u011fl\u0131 olarak burada yer almaktad\u0131r.<\/p>\n\n\n\n<div id=\"brand-matrix-container\">\n    <style>\n        #brand-matrix-container {\n            padding: 45px;\n            font-family: 'Segoe UI', Roboto, Helvetica, Arial, sans-serif;\n            color: #2d3436;\n            line-height: 1.6;\n            background-color: #ffffff;\n            border: 1px solid #e1e8ed;\n            margin: 30px 0;\n            border-radius: 12px;\n            box-shadow: 0 15px 35px rgba(0,0,0,0.05);\n        }\n\n        #brand-matrix-container .accent-bar {\n            width: 80px;\n            height: 4px;\n            background: linear-gradient(90deg, #1a1a1a 0%, #c3a478 100%);\n            margin-bottom: 25px;\n        }\n\n        #brand-matrix-container .matrix-title {\n            font-size: 18pt;\n            color: #1a1a1a;\n            margin-bottom: 10px;\n            font-weight: 600;\n            display: block;\n            letter-spacing: -0.5px;\n        }\n\n        #brand-matrix-container .matrix-subtitle {\n            font-size: 10pt;\n            color: #636e72;\n            text-transform: uppercase;\n            letter-spacing: 2px;\n            margin-bottom: 35px;\n            display: block;\n        }\n\n        #brand-matrix-container table {\n            width: 100%;\n            border-collapse: separate;\n            border-spacing: 0;\n            border: 1px solid #eee;\n            border-radius: 8px;\n            overflow: hidden;\n        }\n\n        #brand-matrix-container thead {\n            background-color: #1a1a1a;\n        }\n\n        #brand-matrix-container th {\n            text-align: left;\n            padding: 20px;\n            font-size: 9pt;\n            color: #ffffff;\n            text-transform: uppercase;\n            letter-spacing: 1.5px;\n            font-weight: 600;\n            border-bottom: 3px solid #c3a478; \/* Gold accent border *\/\n        }\n\n        #brand-matrix-container td {\n            padding: 25px 20px;\n            border-bottom: 1px solid #f1f3f5;\n            vertical-align: top;\n            font-size: 10.5pt;\n        }\n\n        #brand-matrix-container tr:last-child td {\n            border-bottom: none;\n        }\n\n        \/* Brand Profile Column *\/\n        #brand-matrix-container .brand-col {\n            width: 25%;\n            background-color: #fcfcfc;\n            border-right: 1px solid #f1f3f5;\n        }\n\n        #brand-matrix-container .brand-name {\n            display: block;\n            font-size: 12pt;\n            font-weight: 700;\n            color: #1a1a1a;\n            margin-bottom: 5px;\n        }\n\n        #brand-matrix-container .brand-archetype {\n            display: block;\n            font-size: 8.5pt;\n            color: #c3a478;\n            text-transform: uppercase;\n            font-weight: 700;\n            letter-spacing: 1px;\n        }\n\n        \/* Source & Tech Column *\/\n        #brand-matrix-container .source-col {\n            width: 30%;\n            color: #4a4a4a;\n        }\n\n        \/* Value Proposition Column *\/\n        #brand-matrix-container .value-col {\n            width: 45%;\n            color: #2d3436;\n        }\n\n        #brand-matrix-container .why-label {\n            display: block;\n            font-size: 8.5pt;\n            font-weight: 700;\n            color: #1a1a1a;\n            margin-bottom: 8px;\n            text-transform: uppercase;\n        }\n\n        #brand-matrix-container .tag {\n            display: inline-block;\n            padding: 3px 8px;\n            background-color: #f1f3f5;\n            border-radius: 4px;\n            font-size: 8.5pt;\n            font-weight: 600;\n            color: #636e72;\n            margin-top: 10px;\n        }\n    <\/style>\n\n    <div class=\"accent-bar\"><\/div>\n    <span class=\"matrix-title\">Premier Kolajen Pazar \u0130stihbarat\u0131<\/span>\n    <span class=\"matrix-subtitle\">Kar\u015f\u0131la\u015ft\u0131rmal\u0131 Marka \u0130stikrar\u0131 ve Kaynak Kullan\u0131m\u0131 Matrisi<\/span>\n\n    <table>\n        <thead>\n            <tr>\n                <th>Marka Varl\u0131\u011f\u0131<\/th>\n                <th>Kaynak ve Safl\u0131k Profili<\/th>\n                <th>Temel De\u011fer \u00d6nermesi<\/th>\n            <\/tr>\n        <\/thead>\n        <tbody>\n            <tr>\n                <td class=\"brand-col\">\n                    <span class=\"brand-name\">Hayati Proteinler<\/span>\n                    <span class=\"brand-archetype\">Safl\u0131k \u00d6nc\u00fcs\u00fc<\/span>\n                <\/td>\n                <td class=\"source-col\">\n                    Otla beslenen, merada yeti\u015ftirilen b\u00fcy\u00fckba\u015f hayvan derileri. Temiz etiket mimarisi.\n                    <span class=\"tag\">Tatland\u0131r\u0131lmam\u0131\u015f Peptitler<\/span>\n                <\/td>\n                <td class=\"value-col\">\n                    <span class=\"why-label\">Neden Onlar\u0131 Se\u00e7melisiniz<\/span>\n                    Tek bile\u015fen oda\u011f\u0131, topaklanmaya neden olan katk\u0131 maddelerini en aza indirir. Maksimum raf stabilitesi ile hem s\u0131cak hem de so\u011fuk ortamlarda an\u0131nda \u00e7\u00f6z\u00fcn\u00fcrl\u00fck i\u00e7in idealdir.\n                <\/td>\n            <\/tr>\n            <tr>\n                <td class=\"brand-col\">\n                    <span class=\"brand-name\">Antik + Cesur<\/span>\n                    <span class=\"brand-archetype\">S\u00fcrd\u00fcr\u00fclebilirlik Uzman\u0131<\/span>\n                <\/td>\n                <td class=\"source-col\">\n                    MSC sertifikal\u0131 yabani avlanm\u0131\u015f deniz \u00fcr\u00fcnleri ve otla beslenen b\u00fcy\u00fckba\u015f hayvan kaynaklar\u0131.\n                    <span class=\"tag\">Wild &amp; True Kolajen<\/span>\n                <\/td>\n                <td class=\"value-col\">\n                    <span class=\"why-label\">Neden Onlar\u0131 Se\u00e7melisiniz<\/span>\n                    Farmas\u00f6tik s\u0131n\u0131f safl\u0131k hormonlar\u0131 ve kirleticileri ortadan kald\u0131r\u0131r. Deniz hatlar\u0131nda s\u0131f\u0131r \u201cbal\u0131ks\u0131\u201d tat; son derece kararl\u0131 n\u00f6tr profiller.\n                <\/td>\n            <\/tr>\n            <tr>\n                <td class=\"brand-col\">\n                    <span class=\"brand-name\">Momentous<\/span>\n                    <span class=\"brand-archetype\">Performans Santrali<\/span>\n                <\/td>\n                <td class=\"source-col\">\n                    Fortigel\u00ae peptidleri + C Vitamini kataliz\u00f6r\u00fc i\u00e7eren s\u0131\u011f\u0131r kaynakl\u0131.\n                    <span class=\"tag\">Atletik \u0130yile\u015fme<\/span>\n                <\/td>\n                <td class=\"value-col\">\n                    <span class=\"why-label\">Neden Onlar\u0131 Se\u00e7melisiniz<\/span>\n                    Tendon ve ba\u011f onar\u0131m\u0131 i\u00e7in tasarlanm\u0131\u015ft\u0131r. \u0130\u00e7erdi\u011fi C Vitamini, fiziksel iyile\u015fme s\u0131ras\u0131nda an\u0131nda kolajen sentezi i\u00e7in hayati bir kataliz\u00f6r g\u00f6revi g\u00f6r\u00fcr.\n                <\/td>\n            <\/tr>\n            <tr>\n                <td class=\"brand-col\">\n                    <span class=\"brand-name\">Codeage<\/span>\n                    <span class=\"brand-archetype\">Hepsi Bir Arada Yenilik\u00e7i<\/span>\n                <\/td>\n                <td class=\"source-col\">\n                    S\u0131\u011f\u0131r, tavuk ve yumurta kabu\u011fundan elde edilen be\u015f tip kar\u0131\u015f\u0131m (I, II, III, V, X).\n                    <span class=\"tag\">Geni\u015f Spektrumlu Platin<\/span>\n                <\/td>\n                <td class=\"value-col\">\n                    <span class=\"why-label\">Neden Onlar\u0131 Se\u00e7melisiniz<\/span>\n                    Kemik yo\u011funlu\u011funu ve cilt elastikiyetini ayn\u0131 anda hedefler. Geli\u015fmi\u015f hidrolize i\u015fleme, karma\u015f\u0131k \u00e7ok kaynakl\u0131 kar\u0131\u015f\u0131mlar\u0131n rafta stabil kalmas\u0131n\u0131 sa\u011flar.\n                <\/td>\n            <\/tr>\n        <\/tbody>\n    <\/table>\n<\/div>\n\n\n\n<h2 class=\"wp-block-heading\"><span class=\"ez-toc-section\" id=\"FAQs\"><\/span>SSS<span class=\"ez-toc-section-end\"><\/span><\/h2>\n\n\n<div class=\"wp-block-uagb-faq uagb-faq__outer-wrap uagb-block-3e959e6d uagb-faq-icon-row uagb-faq-layout-accordion uagb-faq-expand-first-true uagb-faq-inactive-other-true uagb-faq__wrap uagb-buttons-layout-wrap uagb-faq-equal-height\" data-faqtoggle=\"true\" role=\"tablist\"><div class=\"wp-block-uagb-faq-child uagb-faq-child__outer-wrap uagb-faq-item uagb-block-2934fccd\" role=\"tab\" tabindex=\"0\"><div class=\"uagb-faq-questions-button uagb-faq-questions\">\t\t\t<span class=\"uagb-icon uagb-faq-icon-wrap\">\n\t\t\t\t\t\t\t\t<svg xmlns=\"https:\/\/www.w3.org\/2000\/svg\" viewbox= \"0 0 448 512\"><path d=\"M432 256c0 17.69-14.33 32.01-32 32.01H256v144c0 17.69-14.33 31.99-32 31.99s-32-14.3-32-31.99v-144H48c-17.67 0-32-14.32-32-32.01s14.33-31.99 32-31.99H192v-144c0-17.69 14.33-32.01 32-32.01s32 14.32 32 32.01v144h144C417.7 224 432 238.3 432 256z\"><\/path><\/svg>\n\t\t\t\t\t\t\t<\/span>\n\t\t\t\t\t\t<span class=\"uagb-icon-active uagb-faq-icon-wrap\">\n\t\t\t\t\t\t\t\t<svg xmlns=\"https:\/\/www.w3.org\/2000\/svg\" viewbox= \"0 0 448 512\"><path d=\"M400 288h-352c-17.69 0-32-14.32-32-32.01s14.31-31.99 32-31.99h352c17.69 0 32 14.3 32 31.99S417.7 288 400 288z\"><\/path><\/svg>\n\t\t\t\t\t\t\t<\/span>\n\t\t\t<span class=\"uagb-question\">Son kullanma tarihi ge\u00e7mi\u015f kolajen tozunu hala alabilir miyim?<\/span><\/div><div class=\"uagb-faq-content\"><p>D\u00fczg\u00fcn bir \u015fekilde saklan\u0131rsa ve bozulma belirtisi g\u00f6stermezse, son kullanma tarihinden k\u0131sa bir s\u00fcre sonra genellikle g\u00fcvenlidir, ancak etki g\u00fcc\u00fc azalabilir. Optimum etkinlik ve olas\u0131 sindirim sorunlar\u0131ndan ka\u00e7\u0131nmak i\u00e7in son kullanma tarihi ge\u00e7mi\u015f kolajeni atmak en iyisidir.<\/p><\/div><\/div><div class=\"wp-block-uagb-faq-child uagb-faq-child__outer-wrap uagb-faq-item uagb-block-960da05e\" role=\"tab\" tabindex=\"0\"><div class=\"uagb-faq-questions-button uagb-faq-questions\">\t\t\t<span class=\"uagb-icon uagb-faq-icon-wrap\">\n\t\t\t\t\t\t\t\t<svg xmlns=\"https:\/\/www.w3.org\/2000\/svg\" viewbox= \"0 0 448 512\"><path d=\"M432 256c0 17.69-14.33 32.01-32 32.01H256v144c0 17.69-14.33 31.99-32 31.99s-32-14.3-32-31.99v-144H48c-17.67 0-32-14.32-32-32.01s14.33-31.99 32-31.99H192v-144c0-17.69 14.33-32.01 32-32.01s32 14.32 32 32.01v144h144C417.7 224 432 238.3 432 256z\"><\/path><\/svg>\n\t\t\t\t\t\t\t<\/span>\n\t\t\t\t\t\t<span class=\"uagb-icon-active uagb-faq-icon-wrap\">\n\t\t\t\t\t\t\t\t<svg xmlns=\"https:\/\/www.w3.org\/2000\/svg\" viewbox= \"0 0 448 512\"><path d=\"M400 288h-352c-17.69 0-32-14.32-32-32.01s14.31-31.99 32-31.99h352c17.69 0 32 14.3 32 31.99S417.7 288 400 288z\"><\/path><\/svg>\n\t\t\t\t\t\t\t<\/span>\n\t\t\t<span class=\"uagb-question\">Kolajenin bozulup bozulmad\u0131\u011f\u0131 nas\u0131l anla\u015f\u0131l\u0131r?<\/span><\/div><div class=\"uagb-faq-content\"><p>Topaklanma (nemden), k\u00f6t\u00fc veya ek\u015fimi\u015f koku, renk de\u011fi\u015fikli\u011fi, ola\u011fand\u0131\u015f\u0131 tat veya g\u00f6r\u00fcn\u00fcr k\u00fcf olup olmad\u0131\u011f\u0131n\u0131 kontrol edin. Bunlardan herhangi biri g\u00f6r\u00fcl\u00fcrse, at\u0131n.<\/p><\/div><\/div><div class=\"wp-block-uagb-faq-child uagb-faq-child__outer-wrap uagb-faq-item uagb-block-4e4ccc32\" role=\"tab\" tabindex=\"0\"><div class=\"uagb-faq-questions-button uagb-faq-questions\">\t\t\t<span class=\"uagb-icon uagb-faq-icon-wrap\">\n\t\t\t\t\t\t\t\t<svg xmlns=\"https:\/\/www.w3.org\/2000\/svg\" viewbox= \"0 0 448 512\"><path d=\"M432 256c0 17.69-14.33 32.01-32 32.01H256v144c0 17.69-14.33 31.99-32 31.99s-32-14.3-32-31.99v-144H48c-17.67 0-32-14.32-32-32.01s14.33-31.99 32-31.99H192v-144c0-17.69 14.33-32.01 32-32.01s32 14.32 32 32.01v144h144C417.7 224 432 238.3 432 256z\"><\/path><\/svg>\n\t\t\t\t\t\t\t<\/span>\n\t\t\t\t\t\t<span class=\"uagb-icon-active uagb-faq-icon-wrap\">\n\t\t\t\t\t\t\t\t<svg xmlns=\"https:\/\/www.w3.org\/2000\/svg\" viewbox= \"0 0 448 512\"><path d=\"M400 288h-352c-17.69 0-32-14.32-32-32.01s14.31-31.99 32-31.99h352c17.69 0 32 14.3 32 31.99S417.7 288 400 288z\"><\/path><\/svg>\n\t\t\t\t\t\t\t<\/span>\n\t\t\t<span class=\"uagb-question\">Ehlers-Danlos hastalar\u0131 kolajen almal\u0131 m\u0131?<\/span><\/div><div class=\"uagb-faq-content\"><p>Durum bir eksiklikten ziyade genetik olarak hatal\u0131 kolajen \u00fcretimini i\u00e7erdi\u011finden, kolajen takviyelerinin EDS'ye yard\u0131mc\u0131 oldu\u011funa dair g\u00fc\u00e7l\u00fc bir bilimsel kan\u0131t yoktur. Takviyeler genellikle g\u00fcvenlidir ancak kusurlu kolajeni onarma veya de\u011fi\u015ftirme olas\u0131l\u0131\u011f\u0131 d\u00fc\u015f\u00fckt\u00fcr. Bir doktora dan\u0131\u015f\u0131n.<\/p><\/div><\/div><div class=\"wp-block-uagb-faq-child uagb-faq-child__outer-wrap uagb-faq-item uagb-block-7f4a12cb\" role=\"tab\" tabindex=\"0\"><div class=\"uagb-faq-questions-button uagb-faq-questions\">\t\t\t<span class=\"uagb-icon uagb-faq-icon-wrap\">\n\t\t\t\t\t\t\t\t<svg xmlns=\"https:\/\/www.w3.org\/2000\/svg\" viewbox= \"0 0 448 512\"><path d=\"M432 256c0 17.69-14.33 32.01-32 32.01H256v144c0 17.69-14.33 31.99-32 31.99s-32-14.3-32-31.99v-144H48c-17.67 0-32-14.32-32-32.01s14.33-31.99 32-31.99H192v-144c0-17.69 14.33-32.01 32-32.01s32 14.32 32 32.01v144h144C417.7 224 432 238.3 432 256z\"><\/path><\/svg>\n\t\t\t\t\t\t\t<\/span>\n\t\t\t\t\t\t<span class=\"uagb-icon-active uagb-faq-icon-wrap\">\n\t\t\t\t\t\t\t\t<svg xmlns=\"https:\/\/www.w3.org\/2000\/svg\" viewbox= \"0 0 448 512\"><path d=\"M400 288h-352c-17.69 0-32-14.32-32-32.01s14.31-31.99 32-31.99h352c17.69 0 32 14.3 32 31.99S417.7 288 400 288z\"><\/path><\/svg>\n\t\t\t\t\t\t\t<\/span>\n\t\t\t<span class=\"uagb-question\">Kollajenin i\u015fe yarad\u0131\u011f\u0131n\u0131n 5 i\u015fareti nedir?<\/span><\/div><div class=\"uagb-faq-content\"><p>C: Yayg\u0131n i\u015faretler \u015funlar\u0131 i\u00e7erir:<br>1. Geli\u015ftirilmi\u015f cilt nemlendirmesi ve elastikiyeti.<br>2. \u0130nce \u00e7izgi ve k\u0131r\u0131\u015f\u0131kl\u0131klarda azalma.<br>3. Daha g\u00fc\u00e7l\u00fc, daha h\u0131zl\u0131 uzayan t\u0131rnaklar.<br>4. Daha az k\u0131r\u0131lma ile daha kal\u0131n, daha parlak sa\u00e7lar.<br>5. Daha az eklem a\u011fr\u0131s\u0131 veya sertli\u011fi (4-12 hafta s\u00fcrebilir).<\/p><\/div><\/div><div class=\"wp-block-uagb-faq-child uagb-faq-child__outer-wrap uagb-faq-item uagb-block-29916273\" role=\"tab\" tabindex=\"0\"><div class=\"uagb-faq-questions-button uagb-faq-questions\">\t\t\t<span class=\"uagb-icon uagb-faq-icon-wrap\">\n\t\t\t\t\t\t\t\t<svg xmlns=\"https:\/\/www.w3.org\/2000\/svg\" viewbox= \"0 0 448 512\"><path d=\"M432 256c0 17.69-14.33 32.01-32 32.01H256v144c0 17.69-14.33 31.99-32 31.99s-32-14.3-32-31.99v-144H48c-17.67 0-32-14.32-32-32.01s14.33-31.99 32-31.99H192v-144c0-17.69 14.33-32.01 32-32.01s32 14.32 32 32.01v144h144C417.7 224 432 238.3 432 256z\"><\/path><\/svg>\n\t\t\t\t\t\t\t<\/span>\n\t\t\t\t\t\t<span class=\"uagb-icon-active uagb-faq-icon-wrap\">\n\t\t\t\t\t\t\t\t<svg xmlns=\"https:\/\/www.w3.org\/2000\/svg\" viewbox= \"0 0 448 512\"><path d=\"M400 288h-352c-17.69 0-32-14.32-32-32.01s14.31-31.99 32-31.99h352c17.69 0 32 14.3 32 31.99S417.7 288 400 288z\"><\/path><\/svg>\n\t\t\t\t\t\t\t<\/span>\n\t\t\t<span class=\"uagb-question\">2 y\u0131ll\u0131k protein tozu hala iyi mi?<\/span><\/div><div class=\"uagb-faq-content\"><p>Topaklanma, k\u00f6t\u00fc koku veya renk de\u011fi\u015fikli\u011fi olmadan serin ve kuru bir yerde saklan\u0131rsa hala g\u00fcvenli olabilir, ancak etkinli\u011fi zamanla azalabilir. K\u00fc\u00e7\u00fck bir miktar test edin; en iyi sonu\u00e7lar i\u00e7in \u015f\u00fcpheniz varsa de\u011fi\u015ftirin.<\/p><\/div><\/div><div class=\"wp-block-uagb-faq-child uagb-faq-child__outer-wrap uagb-faq-item uagb-block-22657323\" role=\"tab\" tabindex=\"0\"><div class=\"uagb-faq-questions-button uagb-faq-questions\">\t\t\t<span class=\"uagb-icon uagb-faq-icon-wrap\">\n\t\t\t\t\t\t\t\t<svg xmlns=\"https:\/\/www.w3.org\/2000\/svg\" viewbox= \"0 0 448 512\"><path d=\"M432 256c0 17.69-14.33 32.01-32 32.01H256v144c0 17.69-14.33 31.99-32 31.99s-32-14.3-32-31.99v-144H48c-17.67 0-32-14.32-32-32.01s14.33-31.99 32-31.99H192v-144c0-17.69 14.33-32.01 32-32.01s32 14.32 32 32.01v144h144C417.7 224 432 238.3 432 256z\"><\/path><\/svg>\n\t\t\t\t\t\t\t<\/span>\n\t\t\t\t\t\t<span class=\"uagb-icon-active uagb-faq-icon-wrap\">\n\t\t\t\t\t\t\t\t<svg xmlns=\"https:\/\/www.w3.org\/2000\/svg\" viewbox= \"0 0 448 512\"><path d=\"M400 288h-352c-17.69 0-32-14.32-32-32.01s14.31-31.99 32-31.99h352c17.69 0 32 14.3 32 31.99S417.7 288 400 288z\"><\/path><\/svg>\n\t\t\t\t\t\t\t<\/span>\n\t\t\t<span class=\"uagb-question\">Kolajenin d\u00fc\u015fman\u0131 nedir?<\/span><\/div><div class=\"uagb-faq-content\"><p>Temel d\u00fc\u015fmanlar aras\u0131nda a\u015f\u0131r\u0131 \u015feker (glikasyona neden olur), UV\/g\u00fcne\u015fe maruz kalma, sigara, kronik stres (kortizol) ve enflamasyon yer al\u0131r. Bunlar kolajeni par\u00e7alar veya \u00fcretimini bozar.<\/p><\/div><\/div><div class=\"wp-block-uagb-faq-child uagb-faq-child__outer-wrap uagb-faq-item uagb-block-d76243cc\" role=\"tab\" tabindex=\"0\"><div class=\"uagb-faq-questions-button uagb-faq-questions\">\t\t\t<span class=\"uagb-icon uagb-faq-icon-wrap\">\n\t\t\t\t\t\t\t\t<svg xmlns=\"https:\/\/www.w3.org\/2000\/svg\" viewbox= \"0 0 448 512\"><path d=\"M432 256c0 17.69-14.33 32.01-32 32.01H256v144c0 17.69-14.33 31.99-32 31.99s-32-14.3-32-31.99v-144H48c-17.67 0-32-14.32-32-32.01s14.33-31.99 32-31.99H192v-144c0-17.69 14.33-32.01 32-32.01s32 14.32 32 32.01v144h144C417.7 224 432 238.3 432 256z\"><\/path><\/svg>\n\t\t\t\t\t\t\t<\/span>\n\t\t\t\t\t\t<span class=\"uagb-icon-active uagb-faq-icon-wrap\">\n\t\t\t\t\t\t\t\t<svg xmlns=\"https:\/\/www.w3.org\/2000\/svg\" viewbox= \"0 0 448 512\"><path d=\"M400 288h-352c-17.69 0-32-14.32-32-32.01s14.31-31.99 32-31.99h352c17.69 0 32 14.3 32 31.99S417.7 288 400 288z\"><\/path><\/svg>\n\t\t\t\t\t\t\t<\/span>\n\t\t\t<span class=\"uagb-question\">K\u00f6t\u00fc kolajen tozu neye benziyor?<\/span><\/div><div class=\"uagb-faq-content\"><p>Topaklanm\u0131\u015f, renksiz (sar\u0131ms\u0131 veya kirli beyaz) g\u00f6r\u00fcnebilir veya g\u00f6r\u00fcn\u00fcr k\u00fcf i\u00e7erebilir. Genellikle ek\u015fimi\u015f kokar veya ac\u0131\/k\u00f6t\u00fc bir tad\u0131 vard\u0131r. Normal toz ince, d\u00fczg\u00fcn ve n\u00f6tr kokuludur.<\/p><\/div><\/div><div class=\"wp-block-uagb-faq-child uagb-faq-child__outer-wrap uagb-faq-item uagb-block-f13d0d9b\" role=\"tab\" tabindex=\"0\"><div class=\"uagb-faq-questions-button uagb-faq-questions\">\t\t\t<span class=\"uagb-icon uagb-faq-icon-wrap\">\n\t\t\t\t\t\t\t\t<svg xmlns=\"https:\/\/www.w3.org\/2000\/svg\" viewbox= \"0 0 448 512\"><path d=\"M432 256c0 17.69-14.33 32.01-32 32.01H256v144c0 17.69-14.33 31.99-32 31.99s-32-14.3-32-31.99v-144H48c-17.67 0-32-14.32-32-32.01s14.33-31.99 32-31.99H192v-144c0-17.69 14.33-32.01 32-32.01s32 14.32 32 32.01v144h144C417.7 224 432 238.3 432 256z\"><\/path><\/svg>\n\t\t\t\t\t\t\t<\/span>\n\t\t\t\t\t\t<span class=\"uagb-icon-active uagb-faq-icon-wrap\">\n\t\t\t\t\t\t\t\t<svg xmlns=\"https:\/\/www.w3.org\/2000\/svg\" viewbox= \"0 0 448 512\"><path d=\"M400 288h-352c-17.69 0-32-14.32-32-32.01s14.31-31.99 32-31.99h352c17.69 0 32 14.3 32 31.99S417.7 288 400 288z\"><\/path><\/svg>\n\t\t\t\t\t\t\t<\/span>\n\t\t\t<span class=\"uagb-question\">Kolajen rafta ne kadar s\u00fcre dayan\u0131r?<\/span><\/div><div class=\"uagb-faq-content\"><p>A\u00e7\u0131lmam\u0131\u015f: tipik olarak 1-2 y\u0131l (iyi kapat\u0131lm\u0131\u015fsa bazen 4-5 y\u0131la kadar). A\u00e7\u0131ld\u0131ktan sonra: 1-2 y\u0131l i\u00e7inde kullan\u0131n. En iyi raf \u00f6mr\u00fc i\u00e7in \u0131s\u0131 ve nemden uzak, serin ve kuru bir yerde saklay\u0131n.<\/p><\/div><\/div><\/div>\n\n\n<h2 class=\"wp-block-heading\"><span class=\"ez-toc-section\" id=\"Conclusion\"><\/span>Sonu\u00e7<span class=\"ez-toc-section-end\"><\/span><\/h2>\n\n\n\n<p>Peki, kolajen tozunun son kullanma tarihi ge\u00e7er mi? Kilerinizdeki en diren\u00e7li takviyelerden biri olsa da \u00f6l\u00fcms\u00fcz de\u011fildir. \u00c7o\u011fu kolajen, \u00fc\u00e7 temel d\u00fc\u015fman\u0131 olan nem, \u0131s\u0131 ve \u0131\u015f\u0131ktan korundu\u011fu s\u00fcrece 2 ila 5 y\u0131l boyunca g\u00fcvenli ve etkili kal\u0131r.<\/p>\n\n\n\n<p>Son kullanma tarihinin genellikle acil tehlikeden \u00e7ok etki g\u00fcc\u00fcyle ilgili oldu\u011funu unutmay\u0131n. Bu tarih ge\u00e7tikten sonra, biyoaktif peptitler art\u0131k cildiniz, sa\u00e7\u0131n\u0131z ve eklemleriniz i\u00e7in bekledi\u011finiz \u201cparlakl\u0131k\u201d sonu\u00e7lar\u0131n\u0131 sa\u011flamayabilir. \u201cBak, Kokla ve Dokun\u201d testini takip ederek ve s\u0131k\u0131 bir \u201cSo\u011fuk, Kuru, Karanl\u0131k\u201d saklama rutinini s\u00fcrd\u00fcrerek, her kep\u00e7enin ilki kadar g\u00fc\u00e7l\u00fc olmas\u0131n\u0131 sa\u011flayabilirsiniz.<\/p>\n\n\n\n<p><strong>Zulan\u0131z\u0131 iki kez kontrol etmeniz mi gerekiyor?<\/strong><\/p>\n\n\n\n<ul class=\"wp-block-list\">\n<li><strong>Tarihi kontrol et:<\/strong> \u201cBest-By\u201d damgas\u0131n\u0131 aray\u0131n.<\/li>\n\n\n\n<li><strong>Contay\u0131 kontrol edin:<\/strong> Hava ge\u00e7irmez oldu\u011fundan emin olun.<\/li>\n\n\n\n<li><strong>Tozu kontrol et:<\/strong> E\u011fer topaklan\u0131yorsa veya \u201ck\u00f6t\u00fc\u201d kokuyorsa, yeni bir ba\u015flang\u0131\u00e7 yapman\u0131n zaman\u0131 gelmi\u015f demektir.<\/li>\n<\/ul>\n\n\n\n<p>Kalite kaynakta ba\u015flar. Bir markay\u0131 ister safl\u0131\u011f\u0131, ister s\u00fcrd\u00fcr\u00fclebilirli\u011fi veya performans\u0131 i\u00e7in se\u00e7in, y\u00fcksek kaliteli kolajen hammaddesine \u00f6ncelik verdiklerinden emin olun.<\/p>\n\n\n\n<p>At <strong>Gensei<\/strong>, Bu kalitenin temeli olmaktan gurur duyuyoruz. Kolajen \u00fcretiminde k\u00fcresel bir lider olarak, s\u0131\u011f\u0131r, bal\u0131k ve k\u00fcmes hayvan\u0131 materyallerini ileri d\u00fczeyde i\u015flememiz ve s\u00fcrd\u00fcr\u00fclebilir \u015fekilde tedarik etmemiz d\u00fcnyan\u0131n \u00f6nde gelen markalar\u0131n\u0131 g\u00fc\u00e7lendirmektedir. Gensei, beslenme ve g\u00fczellik sekt\u00f6rlerine y\u00fcksek safl\u0131kta, biyoaktif kolajen sunarak, daha iyi sa\u011fl\u0131\u011fa do\u011fru yolculu\u011funuzun sekt\u00f6rdeki en iyi bilim ve en titiz kalite standartlar\u0131yla desteklenmesini sa\u011flar.<\/p>\n\n\n\n<div id=\"gensei-cta-container\">\n    <style>\n        #gensei-cta-container {\n            margin: 50px 0;\n            padding: 50px 40px;\n            background-color: #1a1a1a;\n            border-radius: 12px;\n            text-align: center;\n            font-family: 'Segoe UI', Roboto, Helvetica, Arial, sans-serif;\n            box-shadow: 0 20px 40px rgba(0,0,0,0.15);\n            position: relative;\n            overflow: hidden;\n        }\n\n        \/* Subtle background accent *\/\n        #gensei-cta-container::before {\n            content: \"\";\n            position: absolute;\n            top: -50%;\n            left: -10%;\n            width: 120%;\n            height: 200%;\n            background: radial-gradient(circle, rgba(195, 164, 120, 0.05) 0%, rgba(26, 26, 26, 0) 70%);\n            pointer-events: none;\n        }\n\n        #gensei-cta-container .cta-heading {\n            font-size: 20pt;\n            color: #ffffff;\n            font-weight: 600;\n            margin-bottom: 15px;\n            letter-spacing: -0.5px;\n            position: relative;\n        }\n\n        #gensei-cta-container .cta-subtext {\n            font-size: 11.5pt;\n            color: #b2bec3;\n            max-width: 600px;\n            margin: 0 auto 30px auto;\n            line-height: 1.6;\n            position: relative;\n        }\n\n        #gensei-cta-container .cta-button {\n            display: inline-block;\n            padding: 16px 40px;\n            background-color: #c3a478; \/* Muted Gold *\/\n            color: #1a1a1a;\n            font-size: 11pt;\n            font-weight: 700;\n            text-decoration: none;\n            text-transform: uppercase;\n            letter-spacing: 1.5px;\n            border-radius: 4px;\n            transition: all 0.3s ease;\n            position: relative;\n            box-shadow: 0 4px 15px rgba(195, 164, 120, 0.3);\n        }\n\n        #gensei-cta-container .cta-button:hover {\n            background-color: #d4b88d;\n            transform: translateY(-2px);\n            box-shadow: 0 6px 20px rgba(195, 164, 120, 0.4);\n        }\n\n        #gensei-cta-container .cta-footer {\n            margin-top: 25px;\n            font-size: 9pt;\n            color: #636e72;\n            text-transform: uppercase;\n            letter-spacing: 1px;\n        }\n    <\/style>\n\n    <div class=\"cta-heading\">Form\u00fclasyonunuzu Geli\u015ftirmeye Haz\u0131r m\u0131s\u0131n\u0131z?<\/div>\n    <p class=\"cta-subtext\">\n        Birinci s\u0131n\u0131f hammadde tedarikinden geli\u015fmi\u015f stabilite testlerine kadar, raf \u00f6mr\u00fc bilimini anlayan uzmanlarla i\u015f ortakl\u0131\u011f\u0131 yap\u0131n.\n    <\/p>\n    \n    <a href=\"https:\/\/collagensei.com\/tr\/bize-ulasin\/\" \n       class=\"cta-button\" \n       target=\"_blank\" \n       rel=\"noopener noreferrer\">\n       Uzmanlar\u0131m\u0131za Dan\u0131\u015f\u0131n\n    <\/a>\n\n    <div class=\"cta-footer\">Gensei - \u00d6d\u00fcn Vermeden Kalite<\/div>\n<\/div>\n\n\n\n<h2 class=\"wp-block-heading\"><span class=\"ez-toc-section\" id=\"references\"><\/span>referanslar<span class=\"ez-toc-section-end\"><\/span><\/h2>\n\n\n\n<ol class=\"wp-block-list\">\n<li><strong>FDA: Besin Takviyesi K\u0131lavuzu<\/strong> <a href=\"https:\/\/www.fda.gov\/food\/dietary-supplements\" target=\"_blank\" rel=\"noreferrer noopener nofollow\">https:\/\/www.fda.gov\/food\/dietary-supplements<\/a><\/li>\n\n\n\n<li><strong>EFSA: Kolajen Peptitlerin G\u00fcvenli\u011fi<\/strong> <a href=\"https:\/\/www.efsa.europa.eu\/en\/topics\/topic\/food-supplements\" target=\"_blank\" rel=\"noreferrer noopener nofollow\">https:\/\/www.efsa.europa.eu\/en\/topics\/topic\/food-supplements<\/a><\/li>\n\n\n\n<li><strong>Ulusal Sa\u011fl\u0131k Enstit\u00fcleri (NIH): Kolajen Ara\u015ft\u0131rmas\u0131<\/strong> <a href=\"https:\/\/ods.od.nih.gov\/factsheets\/list-all\/\" target=\"_blank\" rel=\"noreferrer noopener nofollow\">https:\/\/ods.od.nih.gov\/factsheets\/list-all\/<\/a><\/li>\n\n\n\n<li><strong>USDA: G\u0131da G\u00fcvenli\u011fi ve Denetleme Servisi (Raf Stabilitesi)<\/strong> <a href=\"https:\/\/www.fsis.usda.gov\/food-safety\/safe-food-handling-and-preparation\/food-safety-basics\/shelf-stable-food\" target=\"_blank\" rel=\"noreferrer noopener nofollow\">https:\/\/www.fsis.usda.gov\/food-safety\/safe-food-handling-and-preparation\/food-safety-basics\/shelf-stable-food<\/a><\/li>\n\n\n\n<li><strong>ISO: G\u0131da G\u00fcvenli\u011fi Y\u00f6netimi (ISO 22000)<\/strong> <a href=\"https:\/\/www.iso.org\/iso-22000-food-safety-management.html\" target=\"_blank\" rel=\"noreferrer noopener nofollow\">https:\/\/www.iso.org\/iso-22000-food-safety-management.html<\/a><\/li>\n\n\n\n<li><strong>D\u00fcnya Fikri M\u00fclkiyet \u00d6rg\u00fct\u00fc (WIPO): Kolajen Ekstraksiyon Patentleri<\/strong> <a href=\"https:\/\/www.wipo.int\/patents\/en\/\" target=\"_blank\" rel=\"noreferrer noopener nofollow\">https:\/\/www.wipo.int\/patents\/en\/<\/a><\/li>\n<\/ol>","protected":false},"excerpt":{"rendered":"<p>It happens to the best of us: you\u2019re organizing your pantry and rediscover a forgotten tub of collagen peptides tucked [&hellip;]<\/p>\n","protected":false},"author":4,"featured_media":18525,"comment_status":"closed","ping_status":"open","sticky":false,"template":"","format":"standard","meta":{"_uag_custom_page_level_css":"","site-sidebar-layout":"default","site-content-layout":"","ast-site-content-layout":"default","site-content-style":"default","site-sidebar-style":"default","ast-global-header-display":"","ast-banner-title-visibility":"","ast-main-header-display":"","ast-hfb-above-header-display":"","ast-hfb-below-header-display":"","ast-hfb-mobile-header-display":"","site-post-title":"","ast-breadcrumbs-content":"","ast-featured-img":"","footer-sml-layout":"","ast-disable-related-posts":"","theme-transparent-header-meta":"","adv-header-id-meta":"","stick-header-meta":"","header-above-stick-meta":"","header-main-stick-meta":"","header-below-stick-meta":"","astra-migrate-meta-layouts":"default","ast-page-background-enabled":"default","ast-page-background-meta":{"desktop":{"background-color":"var(--ast-global-color-5)","background-image":"","background-repeat":"repeat","background-position":"center center","background-size":"auto","background-attachment":"scroll","background-type":"","background-media":"","overlay-type":"","overlay-color":"","overlay-opacity":"","overlay-gradient":""},"tablet":{"background-color":"","background-image":"","background-repeat":"repeat","background-position":"center center","background-size":"auto","background-attachment":"scroll","background-type":"","background-media":"","overlay-type":"","overlay-color":"","overlay-opacity":"","overlay-gradient":""},"mobile":{"background-color":"","background-image":"","background-repeat":"repeat","background-position":"center center","background-size":"auto","background-attachment":"scroll","background-type":"","background-media":"","overlay-type":"","overlay-color":"","overlay-opacity":"","overlay-gradient":""}},"ast-content-background-meta":{"desktop":{"background-color":"var(--ast-global-color-4)","background-image":"","background-repeat":"repeat","background-position":"center center","background-size":"auto","background-attachment":"scroll","background-type":"","background-media":"","overlay-type":"","overlay-color":"","overlay-opacity":"","overlay-gradient":""},"tablet":{"background-color":"var(--ast-global-color-4)","background-image":"","background-repeat":"repeat","background-position":"center center","background-size":"auto","background-attachment":"scroll","background-type":"","background-media":"","overlay-type":"","overlay-color":"","overlay-opacity":"","overlay-gradient":""},"mobile":{"background-color":"var(--ast-global-color-4)","background-image":"","background-repeat":"repeat","background-position":"center center","background-size":"auto","background-attachment":"scroll","background-type":"","background-media":"","overlay-type":"","overlay-color":"","overlay-opacity":"","overlay-gradient":""}},"footnotes":""},"categories":[594],"tags":[592,170,523],"class_list":["post-18524","post","type-post","status-publish","format-standard","has-post-thumbnail","hentry","category-collagen-powder","tag-collagen-manufacturer","tag-collagen-peptides","tag-collagen-supplements-gummies"],"uagb_featured_image_src":{"full":["https:\/\/collagensei.com\/wp-content\/uploads\/2026\/04\/does-collagen-powder-expire_.webp",1000,562,false],"thumbnail":["https:\/\/collagensei.com\/wp-content\/uploads\/2026\/04\/does-collagen-powder-expire_-150x150.webp",150,150,true],"medium":["https:\/\/collagensei.com\/wp-content\/uploads\/2026\/04\/does-collagen-powder-expire_-300x169.webp",300,169,true],"medium_large":["https:\/\/collagensei.com\/wp-content\/uploads\/2026\/04\/does-collagen-powder-expire_-768x432.webp",768,432,true],"large":["https:\/\/collagensei.com\/wp-content\/uploads\/2026\/04\/does-collagen-powder-expire_.webp",1000,562,false],"1536x1536":["https:\/\/collagensei.com\/wp-content\/uploads\/2026\/04\/does-collagen-powder-expire_.webp",1000,562,false],"2048x2048":["https:\/\/collagensei.com\/wp-content\/uploads\/2026\/04\/does-collagen-powder-expire_.webp",1000,562,false],"trp-custom-language-flag":["https:\/\/collagensei.com\/wp-content\/uploads\/2026\/04\/does-collagen-powder-expire_-18x10.webp",18,10,true]},"uagb_author_info":{"display_name":"w.wenyang","author_link":"https:\/\/collagensei.com\/tr\/author\/w-wenyang\/"},"uagb_comment_info":0,"uagb_excerpt":"It happens to the best of us: you\u2019re organizing your pantry and rediscover a forgotten tub of collagen peptides tucked [&hellip;]","_links":{"self":[{"href":"https:\/\/collagensei.com\/tr\/wp-json\/wp\/v2\/posts\/18524","targetHints":{"allow":["GET"]}}],"collection":[{"href":"https:\/\/collagensei.com\/tr\/wp-json\/wp\/v2\/posts"}],"about":[{"href":"https:\/\/collagensei.com\/tr\/wp-json\/wp\/v2\/types\/post"}],"author":[{"embeddable":true,"href":"https:\/\/collagensei.com\/tr\/wp-json\/wp\/v2\/users\/4"}],"replies":[{"embeddable":true,"href":"https:\/\/collagensei.com\/tr\/wp-json\/wp\/v2\/comments?post=18524"}],"version-history":[{"count":28,"href":"https:\/\/collagensei.com\/tr\/wp-json\/wp\/v2\/posts\/18524\/revisions"}],"predecessor-version":[{"id":18783,"href":"https:\/\/collagensei.com\/tr\/wp-json\/wp\/v2\/posts\/18524\/revisions\/18783"}],"wp:featuredmedia":[{"embeddable":true,"href":"https:\/\/collagensei.com\/tr\/wp-json\/wp\/v2\/media\/18525"}],"wp:attachment":[{"href":"https:\/\/collagensei.com\/tr\/wp-json\/wp\/v2\/media?parent=18524"}],"wp:term":[{"taxonomy":"category","embeddable":true,"href":"https:\/\/collagensei.com\/tr\/wp-json\/wp\/v2\/categories?post=18524"},{"taxonomy":"post_tag","embeddable":true,"href":"https:\/\/collagensei.com\/tr\/wp-json\/wp\/v2\/tags?post=18524"}],"curies":[{"name":"wp","href":"https:\/\/api.w.org\/{rel}","templated":true}]}}